{"id":1073,"date":"2015-02-25T19:41:28","date_gmt":"2015-02-25T18:41:28","guid":{"rendered":"http:\/\/cellerruderverein.de\/?p=1073"},"modified":"2015-03-16T14:34:11","modified_gmt":"2015-03-16T13:34:11","slug":"trainingslager-mequinenza","status":"publish","type":"post","link":"https:\/\/cellerruderverein.de\/?p=1073","title":{"rendered":"Trainingslager Mequinenza"},"content":{"rendered":"<p><a href=\"https:\/\/i0.wp.com\/cellerruderverein.de\/wp-content\/uploads\/2015\/02\/IMG_3538.jpg?ssl=1\"><img data-recalc-dims=\"1\" loading=\"lazy\" decoding=\"async\" data-attachment-id=\"1075\" data-permalink=\"https:\/\/cellerruderverein.de\/?attachment_id=1075\" data-orig-file=\"https:\/\/i0.wp.com\/cellerruderverein.de\/wp-content\/uploads\/2015\/02\/IMG_3538.jpg?fit=1280%2C960&amp;ssl=1\" data-orig-size=\"1280,960\" data-comments-opened=\"0\" data-image-meta=\"{&quot;aperture&quot;:&quot;0&quot;,&quot;credit&quot;:&quot;&quot;,&quot;camera&quot;:&quot;&quot;,&quot;caption&quot;:&quot;&quot;,&quot;created_timestamp&quot;:&quot;0&quot;,&quot;copyright&quot;:&quot;&quot;,&quot;focal_length&quot;:&quot;0&quot;,&quot;iso&quot;:&quot;0&quot;,&quot;shutter_speed&quot;:&quot;0&quot;,&quot;title&quot;:&quot;&quot;,&quot;orientation&quot;:&quot;1&quot;}\" data-image-title=\"IMG_3538\" data-image-description=\"\" data-image-caption=\"\" data-large-file=\"https:\/\/i0.wp.com\/cellerruderverein.de\/wp-content\/uploads\/2015\/02\/IMG_3538.jpg?fit=800%2C600&amp;ssl=1\" class=\"alignleft size-thumbnail wp-image-1075\" src=\"https:\/\/i0.wp.com\/cellerruderverein.de\/wp-content\/uploads\/2015\/02\/IMG_3538.jpg?resize=150%2C100&#038;ssl=1\" alt=\"IMG_3538\" width=\"150\" height=\"100\" srcset=\"https:\/\/i0.wp.com\/cellerruderverein.de\/wp-content\/uploads\/2015\/02\/IMG_3538.jpg?resize=150%2C100&amp;ssl=1 150w, https:\/\/i0.wp.com\/cellerruderverein.de\/wp-content\/uploads\/2015\/02\/IMG_3538.jpg?resize=120%2C80&amp;ssl=1 120w, https:\/\/i0.wp.com\/cellerruderverein.de\/wp-content\/uploads\/2015\/02\/IMG_3538.jpg?zoom=2&amp;resize=150%2C100&amp;ssl=1 300w, https:\/\/i0.wp.com\/cellerruderverein.de\/wp-content\/uploads\/2015\/02\/IMG_3538.jpg?zoom=3&amp;resize=150%2C100&amp;ssl=1 450w\" sizes=\"auto, (max-width: 150px) 100vw, 150px\" \/><\/a><\/p>\n<p style=\"text-align: justify;\">Ein Zwischenbericht von Janina Kling<\/p>\n<p style=\"text-align: justify;\">Die erste Woche unseres Ausflugs nach Mequinenza ist nun vorbei.<\/p>\n<p style=\"text-align: justify;\">Um die U23-Mannschaft fr\u00fch dieses Jahr zusammen zu f\u00fchren, haben sich am Sonntag den 15. Februar knapp 70 Sportler, 8 Trainier und 4 Betreuer auf den Weg nach Mequinenza, Spanien gemacht. Wir haben uns zun\u00e4chst in M\u00fcnchen getroffen und sind dann nach Barcelona geflogen, von da aus ging es mit zwei Reisebussen nach Mequinenza (Region Saragossa), wo wir alle auf vier Hotels verteilt wurden.<\/p>\n<p style=\"text-align: justify;\"><!--more-->Die Anreise war im Gegensatz zum letzten Jahr, wirklich angenehm, da wir dieses Mal auch am richtigen Flughafen landen konnten (Letztes Jahr mussten wir aufgrund von starken Turbulenzen, auf einen anderen Flughafen ausweichen und so sind wir zus\u00e4tzlich 10 Stunden Bus nach Soustons gefahren).<\/p>\n<p style=\"text-align: justify;\">Da die meisten von uns das erste Mal in Mequinenza sind, mussten wir uns die ersten Trainingseinheiten erst einmal an das riesige Ruderrevier gew\u00f6hnen. Wir rudern hier auf einem Teil des Ebro, ein Abschnitt sogar mit Regattastrecke.<\/p>\n<p style=\"text-align: justify;\">Leider wurde der Fluss k\u00fcnstlich geflutet und unter Wasser befindet sich ein Kleingartenverein, mit gro\u00dfen B\u00e4umen und Mauern. Teilweise ragen die B\u00e4ume ein paar Zentimeter aus dem Wasser, teilweise sind sie nur kurz unter der Wasseroberfl\u00e4che. Deswegen war die erste Herausforderung f\u00fcr uns drei Steuerleute, die Strecke im Motorboot abzufahren, um Bojen an den sichtbaren B\u00e4umen zu befestigen, damit wir ohne Bootsschaden auskommen. Trotzdem sind die Bedingungen wirklich gut und wir k\u00f6nnen unter der Sonne Spaniens viele Gro\u00dfbootkilometer rudern.<\/p>\n<p style=\"text-align: justify;\">Im 3000 Seelendorf, das unter Anglern sehr beliebt und bekannt ist, sind wir schon eine gro\u00dfe Attraktion und wurden sogar schon von Zeitung und Fernsehen vor Ort begleitet.<\/p>\n<p style=\"text-align: justify;\">Am 28.02 geht es wieder zur\u00fcck nach Deutschland, bis dahin steht Kraft, Fu\u00dfball und viel Rudern auf dem Programm.<\/p>\n","protected":false},"excerpt":{"rendered":"<p>Ein Zwischenbericht von Janina Kling Die erste Woche unseres Ausflugs nach Mequinenza ist nun vorbei. Um die U23-Mannschaft fr\u00fch dieses Jahr zusammen zu f\u00fchren, haben sich am Sonntag den 15. Februar knapp 70 Sportler, 8 Trainier und 4 Betreuer auf den Weg nach Mequinenza, Spanien gemacht. Wir haben uns zun\u00e4chst in M\u00fcnchen getroffen und sind dann nach Barcelona geflogen, von da aus ging es mit zwei Reisebussen nach Mequinenza (Region Saragossa), wo wir alle auf \u2026 <a class=\"continue-reading-link\" href=\"https:\/\/cellerruderverein.de\/?p=1073\"> Weiterlesen <span class=\"meta-nav\">&rarr; <\/span><\/a><\/p>\n","protected":false},"author":1,"featured_media":0,"comment_status":"closed","ping_status":"closed","sticky":false,"template":"","format":"standard","meta":{"jetpack_post_was_ever_published":false,"_jetpack_newsletter_access":"","_jetpack_dont_email_post_to_subs":false,"_jetpack_newsletter_tier_id":0,"_jetpack_memberships_contains_paywalled_content":false,"_jetpack_memberships_contains_paid_content":false,"footnotes":"","jetpack_publicize_message":"","jetpack_publicize_feature_enabled":true,"jetpack_social_post_already_shared":true,"jetpack_social_options":{"image_generator_settings":{"template":"highway","default_image_id":0,"font":"","enabled":false},"version":2}},"categories":[4,3,18],"tags":[],"class_list":["post-1073","post","type-post","status-publish","format-standard","hentry","category-leistungssport","category-nachrichten","category-start"],"jetpack_publicize_connections":[],"jetpack_featured_media_url":"","jetpack-related-posts":[{"id":4595,"url":"https:\/\/cellerruderverein.de\/?p=4595","url_meta":{"origin":1073,"position":0},"title":"Women Rowing Challenge 2026","author":"Schlumpfine","date":"3. Januar 2026","format":false,"excerpt":"Zum siebten Mal starten wir die Women Rowing Challenge im Celler Ruderverein! Im letzten Jahr haben wir einen hervorragenden 11. Platz auf den Ergometern erreichen k\u00f6nnen. Das wollen wir dieses Jahr mindestens auch erreichen und wenn m\u00f6glich noch eine bessere Platzierung! Also: bitte meldet euch an und kommt zu uns\u2026","rel":"","context":"In &quot;Nachrichten&quot;","block_context":{"text":"Nachrichten","link":"https:\/\/cellerruderverein.de\/?cat=3"},"img":{"alt_text":"","src":"https:\/\/i0.wp.com\/cellerruderverein.de\/wp-content\/uploads\/2026\/01\/wrc26.webp?fit=640%2C339&ssl=1&resize=350%2C200","width":350,"height":200,"srcset":"https:\/\/i0.wp.com\/cellerruderverein.de\/wp-content\/uploads\/2026\/01\/wrc26.webp?fit=640%2C339&ssl=1&resize=350%2C200 1x, https:\/\/i0.wp.com\/cellerruderverein.de\/wp-content\/uploads\/2026\/01\/wrc26.webp?fit=640%2C339&ssl=1&resize=525%2C300 1.5x"},"classes":[]},{"id":3297,"url":"https:\/\/cellerruderverein.de\/?p=3297","url_meta":{"origin":1073,"position":1},"title":"Celler Regatta und Nieders\u00e4chsische Sprintmeisterschaften am 03. und 04.10.2020 abgesagt!","author":"Admin","date":"4. September 2020","format":false,"excerpt":"Eine weitere Sportveranstaltung f\u00e4llt der Corona-Pandemie zum Opfer: Aufgrund der zunehmenden Zahl an Neuerkrankungen haben der Regattaausschuss Celle und der Landesruderverband Niedersachsen (LRVN) entschieden, die f\u00fcr den 3.\/4. Oktober geplanten Sprint-Landesmeisterschaften auf der Aller abzusagen. \u201eUns ist diese Entscheidung nicht leicht gefallen, aber im Sinne der Gesundheit der Teilnehmer wie\u2026","rel":"","context":"In &quot;Celler Regatta&quot;","block_context":{"text":"Celler Regatta","link":"https:\/\/cellerruderverein.de\/?cat=6"},"img":{"alt_text":"","src":"","width":0,"height":0},"classes":[]},{"id":4645,"url":"https:\/\/cellerruderverein.de\/?p=4645","url_meta":{"origin":1073,"position":2},"title":"Erl\u00f6spr\u00e4sentation Rudern gegen Krebs 2025","author":"Schlumpfine","date":"18. Februar 2026","format":false,"excerpt":"Im Rahmen des Balls des Celler Rudervereins wurden die erzielten Erl\u00f6se der Regatta pr\u00e4sentiert.Der Gesamterl\u00f6s der Veranstaltung aus Teilnehmergeb\u00fchren und Sponsorengeldern bel\u00e4uft sich nach Abzug der Kosten auf 91.931 Euro. Davon gehen 65.000 Euro an das Onkologische Forum, wobei diese Zahl am Donnerstag noch um 500 Euro gestiegen ist \u2013\u2026","rel":"","context":"In &quot;Nachrichten&quot;","block_context":{"text":"Nachrichten","link":"https:\/\/cellerruderverein.de\/?cat=3"},"img":{"alt_text":"","src":"https:\/\/i0.wp.com\/cellerruderverein.de\/wp-content\/uploads\/2026\/02\/DSC05593_final-scaled.jpg?fit=1014%2C1200&ssl=1&resize=350%2C200","width":350,"height":200,"srcset":"https:\/\/i0.wp.com\/cellerruderverein.de\/wp-content\/uploads\/2026\/02\/DSC05593_final-scaled.jpg?fit=1014%2C1200&ssl=1&resize=350%2C200 1x, https:\/\/i0.wp.com\/cellerruderverein.de\/wp-content\/uploads\/2026\/02\/DSC05593_final-scaled.jpg?fit=1014%2C1200&ssl=1&resize=525%2C300 1.5x, https:\/\/i0.wp.com\/cellerruderverein.de\/wp-content\/uploads\/2026\/02\/DSC05593_final-scaled.jpg?fit=1014%2C1200&ssl=1&resize=700%2C400 2x"},"classes":[]},{"id":878,"url":"https:\/\/cellerruderverein.de\/?p=878","url_meta":{"origin":1073,"position":3},"title":"Ruder-Gala-Ball 2014","author":"Admin","date":"7. Januar 2014","format":false,"excerpt":"Erinnerung f\u00fcr alle Mitglieder, Freunde und G\u00f6nner vom Celler Ruderverein! Haben Sie sich den Ruder-Gala-Ball 2014 am 01.02.2014 bereits in Ihrem Terminkalender eingetragen? In der letzten Vereinsmitteilung wurde bereits auf das gesellschaftliche Ereignis aus Ruderersicht hingewiesen. Seit Mitte November 2013 sind die Einladungen zu diesem Event an alle Vergn\u00fcgungss\u00fcchtigen verschickt.\u2026","rel":"","context":"In &quot;Allgemein&quot;","block_context":{"text":"Allgemein","link":"https:\/\/cellerruderverein.de\/?cat=5"},"img":{"alt_text":"","src":"","width":0,"height":0},"classes":[]},{"id":864,"url":"https:\/\/cellerruderverein.de\/?p=864","url_meta":{"origin":1073,"position":4},"title":"50 Jahre Bootshaus auf der Ziegeninsel","author":"Admin","date":"30. Oktober 2013","format":false,"excerpt":"Einladung 50 Jahre Bootshaus auf der Ziegeninsel Am 16. November 2013 um 11:30 Uhr. Am 16 November 1963 wurde das Bootshaus eingeweiht. Da der 16. November in diesem Jahr wieder ein Samstag ist, wollen wir diesen damals so erfreulichen Tag zum Anlass nehmen und mit unseren Vereinsmitgliedern und Freunden \u201e50\u2026","rel":"","context":"In &quot;Allgemein&quot;","block_context":{"text":"Allgemein","link":"https:\/\/cellerruderverein.de\/?cat=5"},"img":{"alt_text":"","src":"","width":0,"height":0},"classes":[]},{"id":1521,"url":"https:\/\/cellerruderverein.de\/?p=1521","url_meta":{"origin":1073,"position":5},"title":"Geschichte","author":"Admin","date":"23. Februar 2017","format":false,"excerpt":"Geschichte\u00a0des Celler Rudervereins e.V. Bildergalerie 1957 -2017 von Volker Wieneke Am 28. Mai 1957 wurde der Celler Ruderverein e.V. gegr\u00fcndet. Die Gr\u00fcndungsmitglieder waren Hans Stroehmer, Hansj\u00f6rg Bopp, Volker Strasser, Peter Trautvetter, Dr. Sch\u00e4licke, Rolf Spies und Detlef Sagebiel. Erster Vorsitzender war Detlef Sagebiel, Hansj\u00f6rg Bopp und Volker Strasser seine Stellvertreter.\u2026","rel":"","context":"In &quot;Allgemein&quot;","block_context":{"text":"Allgemein","link":"https:\/\/cellerruderverein.de\/?cat=5"},"img":{"alt_text":"","src":"https:\/\/i0.wp.com\/cellerruderverein.de\/wp-content\/uploads\/2012\/08\/cropped-CRV-Bild1-300x208.jpg?resize=350%2C200","width":350,"height":200},"classes":[]}],"jetpack_sharing_enabled":true,"jetpack_shortlink":"https:\/\/wp.me\/p3cUVs-hj","jetpack_likes_enabled":false,"_links":{"self":[{"href":"https:\/\/cellerruderverein.de\/index.php?rest_route=\/wp\/v2\/posts\/1073","targetHints":{"allow":["GET"]}}],"collection":[{"href":"https:\/\/cellerruderverein.de\/index.php?rest_route=\/wp\/v2\/posts"}],"about":[{"href":"https:\/\/cellerruderverein.de\/index.php?rest_route=\/wp\/v2\/types\/post"}],"author":[{"embeddable":true,"href":"https:\/\/cellerruderverein.de\/index.php?rest_route=\/wp\/v2\/users\/1"}],"replies":[{"embeddable":true,"href":"https:\/\/cellerruderverein.de\/index.php?rest_route=%2Fwp%2Fv2%2Fcomments&post=1073"}],"version-history":[{"count":4,"href":"https:\/\/cellerruderverein.de\/index.php?rest_route=\/wp\/v2\/posts\/1073\/revisions"}],"predecessor-version":[{"id":1079,"href":"https:\/\/cellerruderverein.de\/index.php?rest_route=\/wp\/v2\/posts\/1073\/revisions\/1079"}],"wp:attachment":[{"href":"https:\/\/cellerruderverein.de\/index.php?rest_route=%2Fwp%2Fv2%2Fmedia&parent=1073"}],"wp:term":[{"taxonomy":"category","embeddable":true,"href":"https:\/\/cellerruderverein.de\/index.php?rest_route=%2Fwp%2Fv2%2Fcategories&post=1073"},{"taxonomy":"post_tag","embeddable":true,"href":"https:\/\/cellerruderverein.de\/index.php?rest_route=%2Fwp%2Fv2%2Ftags&post=1073"}],"curies":[{"name":"wp","href":"https:\/\/api.w.org\/{rel}","templated":true}]}}