{"id":1114,"date":"2015-05-06T21:55:59","date_gmt":"2015-05-06T19:55:59","guid":{"rendered":"http:\/\/cellerruderverein.de\/?p=1114"},"modified":"2015-05-10T19:38:57","modified_gmt":"2015-05-10T17:38:57","slug":"peter-kluge-und-patrick-leineweber-starten-beim-world-rowling-cup-in-bled","status":"publish","type":"post","link":"https:\/\/cellerruderverein.de\/?p=1114","title":{"rendered":"Peter Kluge und Patrick Leineweber starten beim World Rowing Cup in Bled"},"content":{"rendered":"<p>Peter Kluge und Patrick Leineweber vom Celler Ruderverein starten am kommenden Wochenende beim World Rowing Cup in Bled. <a href=\"http:\/\/www.cellesche-zeitung.de\/website.php\/website\/story\/3984822\" target=\"_blank\">Hier geht es zum entsprechenden Artikel der Celleschen Zeitung.<\/a><\/p>\n<p><a href=\"http:\/\/www.worldrowing.com\/events\/2015-world-rowing-cup-i\/\" target=\"_blank\">Informationen World Rowing Cup I, Bled<\/a><\/p>\n","protected":false},"excerpt":{"rendered":"<p>Peter Kluge und Patrick Leineweber vom Celler Ruderverein starten am kommenden Wochenende beim World Rowing Cup in Bled. Hier geht es zum entsprechenden Artikel der Celleschen Zeitung. Informationen World Rowing Cup I, Bled<\/p>\n","protected":false},"author":1,"featured_media":0,"comment_status":"closed","ping_status":"closed","sticky":false,"template":"","format":"standard","meta":{"jetpack_post_was_ever_published":false,"_jetpack_newsletter_access":"","_jetpack_dont_email_post_to_subs":false,"_jetpack_newsletter_tier_id":0,"_jetpack_memberships_contains_paywalled_content":false,"_jetpack_memberships_contains_paid_content":false,"footnotes":"","jetpack_publicize_message":"","jetpack_publicize_feature_enabled":true,"jetpack_social_post_already_shared":true,"jetpack_social_options":{"image_generator_settings":{"template":"highway","default_image_id":0,"font":"","enabled":false},"version":2}},"categories":[4,3,18],"tags":[],"class_list":["post-1114","post","type-post","status-publish","format-standard","hentry","category-leistungssport","category-nachrichten","category-start"],"jetpack_publicize_connections":[],"jetpack_featured_media_url":"","jetpack-related-posts":[{"id":1130,"url":"https:\/\/cellerruderverein.de\/?p=1130","url_meta":{"origin":1114,"position":0},"title":"Platz drei und sechs beim World Cup in Bled","author":"Admin","date":"10. Mai 2015","format":false,"excerpt":"Mit einem dritten Platz im M\u00e4nner-Achter und dem sechsten Platz im M\u00e4nner-Doppelzweier treten Peter Kluge und Patrick Leineweber die Heimreise vom 1. World Rowing Cup in Bled an. Peter Kluge belegte mit dem zweiten deutschen Achter in einem packenden Rennen den dritten Platz hinter dem Sieger Deutschland 1 und Polen,\u2026","rel":"","context":"In &quot;Leistungssport&quot;","block_context":{"text":"Leistungssport","link":"https:\/\/cellerruderverein.de\/?cat=4"},"img":{"alt_text":"Patrick Leineweber, Lars Hartig Foto: Deutscher Ruderverband\/Seyb, www.rudern.de","src":"https:\/\/i0.wp.com\/cellerruderverein.de\/wp-content\/uploads\/2015\/05\/samstag-3755-150x100.jpg?resize=350%2C200","width":350,"height":200},"classes":[]},{"id":1189,"url":"https:\/\/cellerruderverein.de\/?p=1189","url_meta":{"origin":1114,"position":1},"title":"Kluge und Leineweber freuen sich auf Ruder-WM","author":"Admin","date":"28. August 2015","format":false,"excerpt":"Am Sonntag beginnen in Aiguebelette \/ Frankreich die Weltmeisterschaften im Rudern. Mit dabei sind auch unsere beiden Spitzenathleten Peter Kluge und Patrick Leineweber. Peter Kluge wird zusammen mit Alexander Egler (DRC Hannover) im M\u00e4nner-Zweier o. Stm. starten und um die Olympiaqualifikation f\u00fcr den Deutschen Ruderverband in dieser Bootsklasse k\u00e4mpfen. Patrick\u2026","rel":"","context":"In &quot;Nachrichten&quot;","block_context":{"text":"Nachrichten","link":"https:\/\/cellerruderverein.de\/?cat=3"},"img":{"alt_text":"Aiguebelette_Worlds_FINAL_web","src":"https:\/\/i0.wp.com\/cellerruderverein.de\/wp-content\/uploads\/2015\/08\/Aiguebelette_Worlds_FINAL_web.jpg?resize=350%2C200","width":350,"height":200},"classes":[]},{"id":176,"url":"https:\/\/cellerruderverein.de\/?p=176","url_meta":{"origin":1114,"position":2},"title":"Langstreckentest Dortmund","author":"Admin","date":"28. November 2012","format":false,"excerpt":"Am kommenden Samstag findet in Dortmund f\u00fcr unsere Ruderinnen und Ruderer die letzte Leistungs\u00fcberpr\u00fcfung des Jahres auf dem Wasser statt. F\u00fcr den Celler RV werden dort Ann-Cathrin Leineweber, Patrick Leineweber, Peter Kluge, Emil Wendeler und Dominic Imort im Einer bzw. Zweier o. Stm. \u00fcber die 6 km lange Wettkampfdistanz starten\u2026","rel":"","context":"In &quot;Leistungssport&quot;","block_context":{"text":"Leistungssport","link":"https:\/\/cellerruderverein.de\/?cat=4"},"img":{"alt_text":"","src":"https:\/\/i0.wp.com\/cellerruderverein.de\/wp-content\/uploads\/2012\/11\/hamburg3-150x100.jpg?resize=350%2C200","width":350,"height":200},"classes":[]},{"id":1200,"url":"https:\/\/cellerruderverein.de\/?p=1200","url_meta":{"origin":1114,"position":3},"title":"Guter WM-Start f\u00fcr Peter Kluge und Patrick Leineweber","author":"Admin","date":"30. August 2015","format":false,"excerpt":"Peter Kluge startet mit Partner Alexander Egler gut in die WM, ein 3. Platz im Vorlauf reicht ihnen f\u00fcr den direkte Einzug ins Viertelfinale. Am Mittwoch geht es f\u00fcr Peter wieder darum unter die besten drei zu fahren und sich einen Platz im Halbfinale zu sichern. Die Daumen sind gedr\u00fcckt!\u2026","rel":"","context":"In &quot;Leistungssport&quot;","block_context":{"text":"Leistungssport","link":"https:\/\/cellerruderverein.de\/?cat=4"},"img":{"alt_text":"Aiguebelette_Worlds_FINAL_web","src":"https:\/\/i0.wp.com\/cellerruderverein.de\/wp-content\/uploads\/2015\/08\/Aiguebelette_Worlds_FINAL_web.jpg?resize=350%2C200","width":350,"height":200},"classes":[]},{"id":962,"url":"https:\/\/cellerruderverein.de\/?p=962","url_meta":{"origin":1114,"position":4},"title":"Peter Kluge gewinnt auf dem Rotsee in Luzern","author":"Admin","date":"14. Juli 2014","format":false,"excerpt":"Peter Kluge (CRV) und Alexander Egler (DRC Hannover) konnten zusammen mit Steuermann Jonas Wiesen (RG Treis-Karden) am Sonntag das Finale im M\u00e4nner-Zweier m. Stm. beim 3. World Rowing Cup in Luzern vor Gro\u00dfbritannien und den Niederlanden f\u00fcr sich entscheiden. Herzlichen Gl\u00fcckwunsch!\u00a0 Fotos: Oliver Quickert, www.rudern.de","rel":"","context":"In &quot;Leistungssport&quot;","block_context":{"text":"Leistungssport","link":"https:\/\/cellerruderverein.de\/?cat=4"},"img":{"alt_text":"image","src":"https:\/\/i0.wp.com\/cellerruderverein.de\/wp-content\/uploads\/2014\/07\/image-150x100.jpg?resize=350%2C200","width":350,"height":200},"classes":[]},{"id":506,"url":"https:\/\/cellerruderverein.de\/?p=506","url_meta":{"origin":1114,"position":5},"title":"Internationale H\u00fcgel-Regatta in Essen","author":"Admin","date":"11. Mai 2013","format":false,"excerpt":"Update 21:30 Uhr Bei str\u00f6mendem Regen und starken Wellen konnte Ann-Cathrin Leineweber heute einen guten vierten Platz hinter Booten aus Deutschland, der Schweiz und Polen belegen. Bei \u00e4hnlich schwierigen Bedingungen gelang es Peter Kluge\/Robin Ponte nicht an die gute Leistung aus dem Vorlauf anzukn\u00fcpfen. Daher reichte es am Ende leider\u2026","rel":"","context":"In &quot;Leistungssport&quot;","block_context":{"text":"Leistungssport","link":"https:\/\/cellerruderverein.de\/?cat=4"},"img":{"alt_text":"","src":"https:\/\/i0.wp.com\/cellerruderverein.de\/wp-content\/uploads\/2013\/05\/20130511-100843-150x100.jpg?resize=350%2C200","width":350,"height":200},"classes":[]}],"jetpack_sharing_enabled":true,"jetpack_shortlink":"https:\/\/wp.me\/p3cUVs-hY","jetpack_likes_enabled":false,"_links":{"self":[{"href":"https:\/\/cellerruderverein.de\/index.php?rest_route=\/wp\/v2\/posts\/1114","targetHints":{"allow":["GET"]}}],"collection":[{"href":"https:\/\/cellerruderverein.de\/index.php?rest_route=\/wp\/v2\/posts"}],"about":[{"href":"https:\/\/cellerruderverein.de\/index.php?rest_route=\/wp\/v2\/types\/post"}],"author":[{"embeddable":true,"href":"https:\/\/cellerruderverein.de\/index.php?rest_route=\/wp\/v2\/users\/1"}],"replies":[{"embeddable":true,"href":"https:\/\/cellerruderverein.de\/index.php?rest_route=%2Fwp%2Fv2%2Fcomments&post=1114"}],"version-history":[{"count":4,"href":"https:\/\/cellerruderverein.de\/index.php?rest_route=\/wp\/v2\/posts\/1114\/revisions"}],"predecessor-version":[{"id":1125,"href":"https:\/\/cellerruderverein.de\/index.php?rest_route=\/wp\/v2\/posts\/1114\/revisions\/1125"}],"wp:attachment":[{"href":"https:\/\/cellerruderverein.de\/index.php?rest_route=%2Fwp%2Fv2%2Fmedia&parent=1114"}],"wp:term":[{"taxonomy":"category","embeddable":true,"href":"https:\/\/cellerruderverein.de\/index.php?rest_route=%2Fwp%2Fv2%2Fcategories&post=1114"},{"taxonomy":"post_tag","embeddable":true,"href":"https:\/\/cellerruderverein.de\/index.php?rest_route=%2Fwp%2Fv2%2Ftags&post=1114"}],"curies":[{"name":"wp","href":"https:\/\/api.w.org\/{rel}","templated":true}]}}