{"id":1123,"date":"2015-05-06T22:18:52","date_gmt":"2015-05-06T20:18:52","guid":{"rendered":"http:\/\/cellerruderverein.de\/?p=1123"},"modified":"2016-10-05T15:48:16","modified_gmt":"2016-10-05T13:48:16","slug":"anrudern-2015-video-von-peter-altenburg","status":"publish","type":"post","link":"https:\/\/cellerruderverein.de\/?p=1123","title":{"rendered":"Anrudern 2015: Video von Peter Altenburg"},"content":{"rendered":"<p><span class=\"embed-youtube\" style=\"text-align:center; display: block;\"><iframe loading=\"lazy\" class=\"youtube-player\" width=\"800\" height=\"450\" src=\"https:\/\/www.youtube.com\/embed\/E8CVW_Aukh8?version=3&#038;rel=1&#038;showsearch=0&#038;showinfo=1&#038;iv_load_policy=1&#038;fs=1&#038;hl=de-DE&#038;autohide=2&#038;wmode=transparent\" allowfullscreen=\"true\" style=\"border:0;\" sandbox=\"allow-scripts allow-same-origin allow-popups allow-presentation allow-popups-to-escape-sandbox\"><\/iframe><\/span><\/p>\n<p>Peter Altenburg hat ein <a href=\"https:\/\/youtu.be\/E8CVW_Aukh8\">Video vom Celler Anrudern am 01.05.2015<\/a> erstellt und bei YouTube ver\u00f6ffentlicht. Viel Spa\u00df beim Anschauen und vielen Dank daf\u00fcr!<\/p>\n","protected":false},"excerpt":{"rendered":"<p>Peter Altenburg hat ein Video vom Celler Anrudern am 01.05.2015 erstellt und bei YouTube ver\u00f6ffentlicht. Viel Spa\u00df beim Anschauen und vielen Dank daf\u00fcr!<\/p>\n","protected":false},"author":1,"featured_media":0,"comment_status":"closed","ping_status":"closed","sticky":false,"template":"","format":"standard","meta":{"jetpack_post_was_ever_published":false,"_jetpack_newsletter_access":"","_jetpack_dont_email_post_to_subs":true,"_jetpack_newsletter_tier_id":0,"_jetpack_memberships_contains_paywalled_content":false,"_jetpack_memberships_contains_paid_content":false,"footnotes":"","jetpack_publicize_message":"","jetpack_publicize_feature_enabled":true,"jetpack_social_post_already_shared":true,"jetpack_social_options":{"image_generator_settings":{"template":"highway","default_image_id":0,"font":"","enabled":false},"version":2}},"categories":[5,3,18],"tags":[],"class_list":["post-1123","post","type-post","status-publish","format-standard","hentry","category-allgemein","category-nachrichten","category-start"],"jetpack_publicize_connections":[],"jetpack_featured_media_url":"","jetpack-related-posts":[{"id":4378,"url":"https:\/\/cellerruderverein.de\/?p=4378","url_meta":{"origin":1123,"position":0},"title":"Bildergalerie Anrudern 2025","author":"Admin","date":"2. Mai 2025","format":false,"excerpt":"Hier geht es zur gro\u00dfen Bildergalerie Anrudern 2025(Fotos: Sonja Rumpf)","rel":"","context":"In &quot;Allgemein&quot;","block_context":{"text":"Allgemein","link":"https:\/\/cellerruderverein.de\/?cat=5"},"img":{"alt_text":"","src":"https:\/\/i0.wp.com\/cellerruderverein.de\/wp-content\/uploads\/2025\/05\/Anrudern_2025-05-01_0052-scaled.jpg?resize=350%2C200&ssl=1","width":350,"height":200,"srcset":"https:\/\/i0.wp.com\/cellerruderverein.de\/wp-content\/uploads\/2025\/05\/Anrudern_2025-05-01_0052-scaled.jpg?resize=350%2C200&ssl=1 1x, https:\/\/i0.wp.com\/cellerruderverein.de\/wp-content\/uploads\/2025\/05\/Anrudern_2025-05-01_0052-scaled.jpg?resize=525%2C300&ssl=1 1.5x, https:\/\/i0.wp.com\/cellerruderverein.de\/wp-content\/uploads\/2025\/05\/Anrudern_2025-05-01_0052-scaled.jpg?resize=700%2C400&ssl=1 2x, https:\/\/i0.wp.com\/cellerruderverein.de\/wp-content\/uploads\/2025\/05\/Anrudern_2025-05-01_0052-scaled.jpg?resize=1050%2C600&ssl=1 3x, https:\/\/i0.wp.com\/cellerruderverein.de\/wp-content\/uploads\/2025\/05\/Anrudern_2025-05-01_0052-scaled.jpg?resize=1400%2C800&ssl=1 4x"},"classes":[]},{"id":2530,"url":"https:\/\/cellerruderverein.de\/?p=2530","url_meta":{"origin":1123,"position":1},"title":"Bildergalerie Anrudern 2018","author":"Admin","date":"1. Mai 2018","format":false,"excerpt":"","rel":"","context":"In &quot;Allgemein&quot;","block_context":{"text":"Allgemein","link":"https:\/\/cellerruderverein.de\/?cat=5"},"img":{"alt_text":"","src":"https:\/\/i0.wp.com\/cellerruderverein.de\/wp-content\/uploads\/2018\/05\/5745AE26-5EDA-45CE-83D6-15A1454A75E8.jpeg?resize=350%2C200","width":350,"height":200,"srcset":"https:\/\/i0.wp.com\/cellerruderverein.de\/wp-content\/uploads\/2018\/05\/5745AE26-5EDA-45CE-83D6-15A1454A75E8.jpeg?resize=350%2C200 1x, https:\/\/i0.wp.com\/cellerruderverein.de\/wp-content\/uploads\/2018\/05\/5745AE26-5EDA-45CE-83D6-15A1454A75E8.jpeg?resize=525%2C300 1.5x, https:\/\/i0.wp.com\/cellerruderverein.de\/wp-content\/uploads\/2018\/05\/5745AE26-5EDA-45CE-83D6-15A1454A75E8.jpeg?resize=700%2C400 2x, https:\/\/i0.wp.com\/cellerruderverein.de\/wp-content\/uploads\/2018\/05\/5745AE26-5EDA-45CE-83D6-15A1454A75E8.jpeg?resize=1050%2C600 3x, https:\/\/i0.wp.com\/cellerruderverein.de\/wp-content\/uploads\/2018\/05\/5745AE26-5EDA-45CE-83D6-15A1454A75E8.jpeg?resize=1400%2C800 4x"},"classes":[]},{"id":1003,"url":"https:\/\/cellerruderverein.de\/?p=1003","url_meta":{"origin":1123,"position":2},"title":"Peter Kluge startet im A-Finale!","author":"Admin","date":"27. August 2014","format":false,"excerpt":"Bei den Ruderweltmeisterschaften im niederl\u00e4ndischen Amsterdam konnte sich heute der deutsche M\u00e4nner-Zweier m. Stm. mit einem ungef\u00e4hrdeten Sieg im Hoffnungslauf f\u00fcr das A-Finale am Freitag qualifizieren. Peter Kluge (Celler RV), Alexander Egler (DRC Hannover) und Stm. Jonas Wiesen (RG Treis-Karden) treffen dort auf die Vorlaufsieger aus Gro\u00dfbritannien und Neuseeland, sowie\u2026","rel":"","context":"In &quot;Allgemein&quot;","block_context":{"text":"Allgemein","link":"https:\/\/cellerruderverein.de\/?cat=5"},"img":{"alt_text":"","src":"https:\/\/i0.wp.com\/cellerruderverein.de\/wp-content\/uploads\/2014\/08\/Foto-216x300.jpg?resize=350%2C200","width":350,"height":200},"classes":[]},{"id":990,"url":"https:\/\/cellerruderverein.de\/?p=990","url_meta":{"origin":1123,"position":3},"title":"Peter Kluge f\u00e4hrt zur WM!","author":"Admin","date":"17. August 2014","format":false,"excerpt":"Aufgrund seiner Saisonleistungen wurde unser Vereinsmitglied Peter Kluge vom Deutschen Ruderverband (DRV) f\u00fcr die Teilnahme an den diesj\u00e4hrigen Ruderweltmeisterschaften in Amsterdam im Zweier mit Steuermann nominiert. Zusammen mit Alexander Egler (DRC Hannover) und Jonas Wiesen (RG Treis-Karden) wird er ab Montag, 25.08.2014, um die Medaillen k\u00e4mpfen. Wir dr\u00fccken ganz fest\u2026","rel":"","context":"In &quot;Leistungssport&quot;","block_context":{"text":"Leistungssport","link":"https:\/\/cellerruderverein.de\/?cat=4"},"img":{"alt_text":"","src":"https:\/\/i0.wp.com\/cellerruderverein.de\/wp-content\/uploads\/2014\/08\/Foto-216x300.jpg?resize=350%2C200","width":350,"height":200},"classes":[]},{"id":1200,"url":"https:\/\/cellerruderverein.de\/?p=1200","url_meta":{"origin":1123,"position":4},"title":"Guter WM-Start f\u00fcr Peter Kluge und Patrick Leineweber","author":"Admin","date":"30. August 2015","format":false,"excerpt":"Peter Kluge startet mit Partner Alexander Egler gut in die WM, ein 3. Platz im Vorlauf reicht ihnen f\u00fcr den direkte Einzug ins Viertelfinale. Am Mittwoch geht es f\u00fcr Peter wieder darum unter die besten drei zu fahren und sich einen Platz im Halbfinale zu sichern. Die Daumen sind gedr\u00fcckt!\u2026","rel":"","context":"In &quot;Leistungssport&quot;","block_context":{"text":"Leistungssport","link":"https:\/\/cellerruderverein.de\/?cat=4"},"img":{"alt_text":"Aiguebelette_Worlds_FINAL_web","src":"https:\/\/i0.wp.com\/cellerruderverein.de\/wp-content\/uploads\/2015\/08\/Aiguebelette_Worlds_FINAL_web.jpg?resize=350%2C200","width":350,"height":200},"classes":[]},{"id":1189,"url":"https:\/\/cellerruderverein.de\/?p=1189","url_meta":{"origin":1123,"position":5},"title":"Kluge und Leineweber freuen sich auf Ruder-WM","author":"Admin","date":"28. August 2015","format":false,"excerpt":"Am Sonntag beginnen in Aiguebelette \/ Frankreich die Weltmeisterschaften im Rudern. Mit dabei sind auch unsere beiden Spitzenathleten Peter Kluge und Patrick Leineweber. Peter Kluge wird zusammen mit Alexander Egler (DRC Hannover) im M\u00e4nner-Zweier o. Stm. starten und um die Olympiaqualifikation f\u00fcr den Deutschen Ruderverband in dieser Bootsklasse k\u00e4mpfen. Patrick\u2026","rel":"","context":"In &quot;Nachrichten&quot;","block_context":{"text":"Nachrichten","link":"https:\/\/cellerruderverein.de\/?cat=3"},"img":{"alt_text":"Aiguebelette_Worlds_FINAL_web","src":"https:\/\/i0.wp.com\/cellerruderverein.de\/wp-content\/uploads\/2015\/08\/Aiguebelette_Worlds_FINAL_web.jpg?resize=350%2C200","width":350,"height":200},"classes":[]}],"jetpack_sharing_enabled":true,"jetpack_shortlink":"https:\/\/wp.me\/p3cUVs-i7","jetpack_likes_enabled":false,"_links":{"self":[{"href":"https:\/\/cellerruderverein.de\/index.php?rest_route=\/wp\/v2\/posts\/1123","targetHints":{"allow":["GET"]}}],"collection":[{"href":"https:\/\/cellerruderverein.de\/index.php?rest_route=\/wp\/v2\/posts"}],"about":[{"href":"https:\/\/cellerruderverein.de\/index.php?rest_route=\/wp\/v2\/types\/post"}],"author":[{"embeddable":true,"href":"https:\/\/cellerruderverein.de\/index.php?rest_route=\/wp\/v2\/users\/1"}],"replies":[{"embeddable":true,"href":"https:\/\/cellerruderverein.de\/index.php?rest_route=%2Fwp%2Fv2%2Fcomments&post=1123"}],"version-history":[{"count":3,"href":"https:\/\/cellerruderverein.de\/index.php?rest_route=\/wp\/v2\/posts\/1123\/revisions"}],"predecessor-version":[{"id":1127,"href":"https:\/\/cellerruderverein.de\/index.php?rest_route=\/wp\/v2\/posts\/1123\/revisions\/1127"}],"wp:attachment":[{"href":"https:\/\/cellerruderverein.de\/index.php?rest_route=%2Fwp%2Fv2%2Fmedia&parent=1123"}],"wp:term":[{"taxonomy":"category","embeddable":true,"href":"https:\/\/cellerruderverein.de\/index.php?rest_route=%2Fwp%2Fv2%2Fcategories&post=1123"},{"taxonomy":"post_tag","embeddable":true,"href":"https:\/\/cellerruderverein.de\/index.php?rest_route=%2Fwp%2Fv2%2Ftags&post=1123"}],"curies":[{"name":"wp","href":"https:\/\/api.w.org\/{rel}","templated":true}]}}