{"id":1138,"date":"2015-05-11T08:17:58","date_gmt":"2015-05-11T06:17:58","guid":{"rendered":"http:\/\/cellerruderverein.de\/?p=1138"},"modified":"2015-08-21T16:16:21","modified_gmt":"2015-08-21T14:16:21","slug":"crv-nachwuchs-in-bremen-erfolgreich","status":"publish","type":"post","link":"https:\/\/cellerruderverein.de\/?p=1138","title":{"rendered":"CRV-Nachwuchs in Bremen erfolgreich"},"content":{"rendered":"<p style=\"text-align: justify;\"><a href=\"https:\/\/i0.wp.com\/cellerruderverein.de\/wp-content\/uploads\/2015\/05\/IMG_0649-5550d47dv1_site_icon.png?ssl=1\"><img data-recalc-dims=\"1\" loading=\"lazy\" decoding=\"async\" data-attachment-id=\"1145\" data-permalink=\"https:\/\/cellerruderverein.de\/?attachment_id=1145\" data-orig-file=\"https:\/\/i0.wp.com\/cellerruderverein.de\/wp-content\/uploads\/2015\/05\/IMG_0649-5550d47dv1_site_icon.png?fit=512%2C512&amp;ssl=1\" data-orig-size=\"512,512\" data-comments-opened=\"0\" data-image-meta=\"{&quot;aperture&quot;:&quot;0&quot;,&quot;credit&quot;:&quot;&quot;,&quot;camera&quot;:&quot;&quot;,&quot;caption&quot;:&quot;&quot;,&quot;created_timestamp&quot;:&quot;0&quot;,&quot;copyright&quot;:&quot;&quot;,&quot;focal_length&quot;:&quot;0&quot;,&quot;iso&quot;:&quot;0&quot;,&quot;shutter_speed&quot;:&quot;0&quot;,&quot;title&quot;:&quot;&quot;,&quot;orientation&quot;:&quot;0&quot;}\" data-image-title=\"Gro\u00dfes Blog-Bild\" data-image-description=\"\" data-image-caption=\"\" data-large-file=\"https:\/\/i0.wp.com\/cellerruderverein.de\/wp-content\/uploads\/2015\/05\/IMG_0649-5550d47dv1_site_icon.png?fit=512%2C512&amp;ssl=1\" class=\"alignleft  wp-image-1145\" src=\"https:\/\/i0.wp.com\/cellerruderverein.de\/wp-content\/uploads\/2015\/05\/IMG_0649-5550d47dv1_site_icon.png?resize=150%2C150&#038;ssl=1\" alt=\"Gro\u00dfes Blog-Bild\" width=\"150\" height=\"150\" srcset=\"https:\/\/i0.wp.com\/cellerruderverein.de\/wp-content\/uploads\/2015\/05\/IMG_0649-5550d47dv1_site_icon.png?w=512&amp;ssl=1 512w, https:\/\/i0.wp.com\/cellerruderverein.de\/wp-content\/uploads\/2015\/05\/IMG_0649-5550d47dv1_site_icon.png?resize=256%2C256&amp;ssl=1 256w, https:\/\/i0.wp.com\/cellerruderverein.de\/wp-content\/uploads\/2015\/05\/IMG_0649-5550d47dv1_site_icon.png?resize=128%2C128&amp;ssl=1 128w, https:\/\/i0.wp.com\/cellerruderverein.de\/wp-content\/uploads\/2015\/05\/IMG_0649-5550d47dv1_site_icon.png?resize=80%2C80&amp;ssl=1 80w, https:\/\/i0.wp.com\/cellerruderverein.de\/wp-content\/uploads\/2015\/05\/IMG_0649-5550d47dv1_site_icon.png?resize=64%2C64&amp;ssl=1 64w, https:\/\/i0.wp.com\/cellerruderverein.de\/wp-content\/uploads\/2015\/05\/IMG_0649-5550d47dv1_site_icon.png?resize=32%2C32&amp;ssl=1 32w, https:\/\/i0.wp.com\/cellerruderverein.de\/wp-content\/uploads\/2015\/05\/IMG_0649-5550d47dv1_site_icon.png?resize=16%2C16&amp;ssl=1 16w\" sizes=\"auto, (max-width: 150px) 100vw, 150px\" \/><\/a>Insgesamt drei Siege konnten die Junioren Mattis Spiller (2) und Robert Leineweber (1) am Wochenende auf dem Bremer Werdersee f\u00fcr den Celler RV erk\u00e4mpfen. M. Spiller siegte im Junioren-Doppelvierer und -Doppelzweier B (15\/16 Jahre), R. Leineweber konnte am Samstag den Junioren-Einer A II (17\/18 Jahre) f\u00fcr sich entscheiden.<\/p>\n<p style=\"text-align: justify;\">Vier weitere Medaillen gingen an Stina R\u00f6bbecke, Charlotte Meyer und Leander Knoop im Rahmen der Kinderregatta (U15). Herzlichen Gl\u00fcckwunsch!<\/p>\n","protected":false},"excerpt":{"rendered":"<p>Insgesamt drei Siege konnten die Junioren Mattis Spiller (2) und Robert Leineweber (1) am Wochenende auf dem Bremer Werdersee f\u00fcr den Celler RV erk\u00e4mpfen. M. Spiller siegte im Junioren-Doppelvierer und -Doppelzweier B (15\/16 Jahre), R. Leineweber konnte am Samstag den Junioren-Einer A II (17\/18 Jahre) f\u00fcr sich entscheiden. Vier weitere Medaillen gingen an Stina R\u00f6bbecke, Charlotte Meyer und Leander Knoop im Rahmen der Kinderregatta (U15). Herzlichen Gl\u00fcckwunsch!<\/p>\n","protected":false},"author":1,"featured_media":0,"comment_status":"closed","ping_status":"closed","sticky":false,"template":"","format":"standard","meta":{"jetpack_post_was_ever_published":false,"_jetpack_newsletter_access":"","_jetpack_dont_email_post_to_subs":false,"_jetpack_newsletter_tier_id":0,"_jetpack_memberships_contains_paywalled_content":false,"_jetpack_memberships_contains_paid_content":false,"footnotes":"","jetpack_publicize_message":"","jetpack_publicize_feature_enabled":true,"jetpack_social_post_already_shared":true,"jetpack_social_options":{"image_generator_settings":{"template":"highway","default_image_id":0,"font":"","enabled":false},"version":2}},"categories":[4,3,18],"tags":[],"class_list":["post-1138","post","type-post","status-publish","format-standard","hentry","category-leistungssport","category-nachrichten","category-start"],"jetpack_publicize_connections":[],"jetpack_featured_media_url":"","jetpack-related-posts":[{"id":970,"url":"https:\/\/cellerruderverein.de\/?p=970","url_meta":{"origin":1138,"position":0},"title":"CRV-Nachwuchs in Wolfsburg erfolgreich","author":"Admin","date":"15. Juli 2014","format":false,"excerpt":"Mit drei Siegen im Gep\u00e4ck traten die Juniorinnen und Junioren des CRV am Sonntag die Heimreise von den Nieders\u00e4chsischen Landesmeisterschaften und der Wolfsburger Ruderregatta auf dem Allersee an. Auf der 1000m-Strecke erk\u00e4mpften sich Mattis Spiller und Robert Leineweber den Landesmeister-Titel im Junioren-Doppelzweier B (15\/16 Jahre). Zusammen mit Lasse He\u00df (RV\u2026","rel":"","context":"In &quot;Leistungssport&quot;","block_context":{"text":"Leistungssport","link":"https:\/\/cellerruderverein.de\/?cat=4"},"img":{"alt_text":"Lasse He\u00df, Mattis Spiller","src":"https:\/\/i0.wp.com\/cellerruderverein.de\/wp-content\/uploads\/2014\/07\/image2-150x100.jpg?resize=350%2C200","width":350,"height":200},"classes":[]},{"id":2755,"url":"https:\/\/cellerruderverein.de\/?p=2755","url_meta":{"origin":1138,"position":1},"title":"Gute Ergebnisse in Hildesheim","author":"Admin","date":"10. November 2018","format":false,"excerpt":"Der CRV-Nachwuchs konnte mit guten Ergebnissen beim Langstreckentest des Landesruderverbandes Niedersachsen (LRVN) in Hildesheim \u00fcberzeugen. JuniorenIm Junioren-Einer A belegte Ole Spiller in seinem ersten Jahr in der Altersklasse 17\/18 den f\u00fcnften Platz. Taake R\u00f6bbecke konnte mit einem guten zweiten Platz im Junioren-Einer B (15\/16 Jahre) punkten. Nils Schumann absolvierte seinen\u2026","rel":"","context":"In &quot;Leistungssport&quot;","block_context":{"text":"Leistungssport","link":"https:\/\/cellerruderverein.de\/?cat=4"},"img":{"alt_text":"","src":"https:\/\/i0.wp.com\/cellerruderverein.de\/wp-content\/uploads\/2018\/11\/83714958-78a8-4a51-b40f-67b1c1330cdf-2.jpg?resize=350%2C200&ssl=1","width":350,"height":200,"srcset":"https:\/\/i0.wp.com\/cellerruderverein.de\/wp-content\/uploads\/2018\/11\/83714958-78a8-4a51-b40f-67b1c1330cdf-2.jpg?resize=350%2C200&ssl=1 1x, https:\/\/i0.wp.com\/cellerruderverein.de\/wp-content\/uploads\/2018\/11\/83714958-78a8-4a51-b40f-67b1c1330cdf-2.jpg?resize=525%2C300&ssl=1 1.5x, https:\/\/i0.wp.com\/cellerruderverein.de\/wp-content\/uploads\/2018\/11\/83714958-78a8-4a51-b40f-67b1c1330cdf-2.jpg?resize=700%2C400&ssl=1 2x, https:\/\/i0.wp.com\/cellerruderverein.de\/wp-content\/uploads\/2018\/11\/83714958-78a8-4a51-b40f-67b1c1330cdf-2.jpg?resize=1050%2C600&ssl=1 3x, https:\/\/i0.wp.com\/cellerruderverein.de\/wp-content\/uploads\/2018\/11\/83714958-78a8-4a51-b40f-67b1c1330cdf-2.jpg?resize=1400%2C800&ssl=1 4x"},"classes":[]},{"id":1012,"url":"https:\/\/cellerruderverein.de\/?p=1012","url_meta":{"origin":1138,"position":2},"title":"Erfolgreiches Wochenende in Leer!","author":"Admin","date":"17. September 2014","format":false,"excerpt":"Nach einer spontanen Meldung f\u00fcr die 75. Herbstregatta in Leer machten sich die Sportler Jan Zimmermeister, Robert Leineweber und Lennart Wolff vom Celler Ruderverein mit Trainer und Betreuerin am Samstag, den 13. September auf den Weg nach Ostfriesland. Am ersten Wettkampftag h\u00e4tte das Wetter nicht besser sein k\u00f6nnen: strahlender Sonnenschein,\u2026","rel":"","context":"In &quot;Leistungssport&quot;","block_context":{"text":"Leistungssport","link":"https:\/\/cellerruderverein.de\/?cat=4"},"img":{"alt_text":"image","src":"https:\/\/i0.wp.com\/cellerruderverein.de\/wp-content\/uploads\/2014\/09\/image-150x100.jpg?resize=350%2C200","width":350,"height":200},"classes":[]},{"id":120,"url":"https:\/\/cellerruderverein.de\/?p=120","url_meta":{"origin":1138,"position":3},"title":"Gold und Silber in Hamburg","author":"Admin","date":"29. September 2012","format":false,"excerpt":"Am ersten Wettkampftag der Norddeutschen Meisterschaften in Hamburg konnten unsere Aktiven gleich zwei Medaillen f\u00fcr den CRV erk\u00e4mpfen. Patrick Leineweber siegte im M\u00e4nner-Einer, seine Schwester Ann-Cathrin belegte im Finale des Juniorinnen-Einers den zweiten Platz und sicherte sich somit die Silbermedaille. Am Sonntag konnten Patrick Leineweber und Peter Kluge mit einem\u2026","rel":"","context":"In &quot;Leistungssport&quot;","block_context":{"text":"Leistungssport","link":"https:\/\/cellerruderverein.de\/?cat=4"},"img":{"alt_text":"","src":"","width":0,"height":0},"classes":[]},{"id":116,"url":"https:\/\/cellerruderverein.de\/?p=116","url_meta":{"origin":1138,"position":4},"title":"Regattainformationen","author":"Admin","date":"7. September 2012","format":false,"excerpt":"Liebe Ruderkameradinnen und Ruderkameraden! Am Sonnabend, 6. Oktober 2012, findet die 55. Celler Ruderregatta statt. Celler Ruderverein, RR Hermann Billung und RC Ernestinum-H\u00f6lty laden Sie\/Euch herzlich ein, dabei zu sein. In der Anlage finden Sie die Ausschreibung, die wieder f\u00fcr alle Alters- und Leistungsklassen etwas zu bieten hat. Einen H\u00f6hepunkt\u2026","rel":"","context":"In &quot;Celler Regatta&quot;","block_context":{"text":"Celler Regatta","link":"https:\/\/cellerruderverein.de\/?cat=6"},"img":{"alt_text":"","src":"","width":0,"height":0},"classes":[]},{"id":3042,"url":"https:\/\/cellerruderverein.de\/?p=3042","url_meta":{"origin":1138,"position":5},"title":"Junioren-WM in Tokio","author":"Admin","date":"7. August 2019","format":false,"excerpt":"Seit heute finden in Tokyo die Junioren-Weltmeisterschaften im Rudern statt. Ein Jahr vor den Olympischen Spielen dient die Veranstaltung als Test f\u00fcr die olympische Regatta und liefert den Veranstaltern und den nationalen Verb\u00e4nden wertvolle Erkenntnisse \u00fcber die Bedingungen und Abl\u00e4ufe vor Ort, um eine optimale Vorbereitung auf die Spiele zu\u2026","rel":"","context":"In &quot;Leistungssport&quot;","block_context":{"text":"Leistungssport","link":"https:\/\/cellerruderverein.de\/?cat=4"},"img":{"alt_text":"","src":"https:\/\/i0.wp.com\/cellerruderverein.de\/wp-content\/uploads\/2019\/08\/190715-ber-jw2-_roebbeckestina-fotochristianschwier-07.jpg?resize=350%2C200","width":350,"height":200},"classes":[]}],"jetpack_sharing_enabled":true,"jetpack_shortlink":"https:\/\/wp.me\/p3cUVs-im","jetpack_likes_enabled":false,"_links":{"self":[{"href":"https:\/\/cellerruderverein.de\/index.php?rest_route=\/wp\/v2\/posts\/1138","targetHints":{"allow":["GET"]}}],"collection":[{"href":"https:\/\/cellerruderverein.de\/index.php?rest_route=\/wp\/v2\/posts"}],"about":[{"href":"https:\/\/cellerruderverein.de\/index.php?rest_route=\/wp\/v2\/types\/post"}],"author":[{"embeddable":true,"href":"https:\/\/cellerruderverein.de\/index.php?rest_route=\/wp\/v2\/users\/1"}],"replies":[{"embeddable":true,"href":"https:\/\/cellerruderverein.de\/index.php?rest_route=%2Fwp%2Fv2%2Fcomments&post=1138"}],"version-history":[{"count":5,"href":"https:\/\/cellerruderverein.de\/index.php?rest_route=\/wp\/v2\/posts\/1138\/revisions"}],"predecessor-version":[{"id":1146,"href":"https:\/\/cellerruderverein.de\/index.php?rest_route=\/wp\/v2\/posts\/1138\/revisions\/1146"}],"wp:attachment":[{"href":"https:\/\/cellerruderverein.de\/index.php?rest_route=%2Fwp%2Fv2%2Fmedia&parent=1138"}],"wp:term":[{"taxonomy":"category","embeddable":true,"href":"https:\/\/cellerruderverein.de\/index.php?rest_route=%2Fwp%2Fv2%2Fcategories&post=1138"},{"taxonomy":"post_tag","embeddable":true,"href":"https:\/\/cellerruderverein.de\/index.php?rest_route=%2Fwp%2Fv2%2Ftags&post=1138"}],"curies":[{"name":"wp","href":"https:\/\/api.w.org\/{rel}","templated":true}]}}