{"id":1189,"date":"2015-08-28T11:50:31","date_gmt":"2015-08-28T09:50:31","guid":{"rendered":"http:\/\/cellerruderverein.de\/?p=1189"},"modified":"2015-09-02T13:19:02","modified_gmt":"2015-09-02T11:19:02","slug":"1189","status":"publish","type":"post","link":"https:\/\/cellerruderverein.de\/?p=1189","title":{"rendered":"Kluge und Leineweber freuen sich auf Ruder-WM"},"content":{"rendered":"<p style=\"text-align: justify;\"><a href=\"http:\/\/www.worldrowing.com\/events\/2015-world-rowing-championships\/\" target=\"_blank\"><img data-recalc-dims=\"1\" loading=\"lazy\" decoding=\"async\" data-attachment-id=\"1190\" data-permalink=\"https:\/\/cellerruderverein.de\/?attachment_id=1190\" data-orig-file=\"https:\/\/i0.wp.com\/cellerruderverein.de\/wp-content\/uploads\/2015\/08\/Aiguebelette_Worlds_FINAL_web.jpg?fit=256%2C100&amp;ssl=1\" data-orig-size=\"256,100\" data-comments-opened=\"0\" data-image-meta=\"{&quot;aperture&quot;:&quot;0&quot;,&quot;credit&quot;:&quot;&quot;,&quot;camera&quot;:&quot;&quot;,&quot;caption&quot;:&quot;&quot;,&quot;created_timestamp&quot;:&quot;0&quot;,&quot;copyright&quot;:&quot;&quot;,&quot;focal_length&quot;:&quot;0&quot;,&quot;iso&quot;:&quot;0&quot;,&quot;shutter_speed&quot;:&quot;0&quot;,&quot;title&quot;:&quot;&quot;,&quot;orientation&quot;:&quot;1&quot;}\" data-image-title=\"Aiguebelette_Worlds_FINAL_web\" data-image-description=\"\" data-image-caption=\"\" data-large-file=\"https:\/\/i0.wp.com\/cellerruderverein.de\/wp-content\/uploads\/2015\/08\/Aiguebelette_Worlds_FINAL_web.jpg?fit=256%2C100&amp;ssl=1\" class=\"wp-image-1190 alignleft\" src=\"https:\/\/i0.wp.com\/cellerruderverein.de\/wp-content\/uploads\/2015\/08\/Aiguebelette_Worlds_FINAL_web.jpg?resize=151%2C59&#038;ssl=1\" alt=\"Aiguebelette_Worlds_FINAL_web\" width=\"151\" height=\"59\" srcset=\"https:\/\/i0.wp.com\/cellerruderverein.de\/wp-content\/uploads\/2015\/08\/Aiguebelette_Worlds_FINAL_web.jpg?w=256&amp;ssl=1 256w, https:\/\/i0.wp.com\/cellerruderverein.de\/wp-content\/uploads\/2015\/08\/Aiguebelette_Worlds_FINAL_web.jpg?resize=250%2C100&amp;ssl=1 250w, https:\/\/i0.wp.com\/cellerruderverein.de\/wp-content\/uploads\/2015\/08\/Aiguebelette_Worlds_FINAL_web.jpg?resize=150%2C59&amp;ssl=1 150w\" sizes=\"auto, (max-width: 151px) 100vw, 151px\" \/><\/a>Am Sonntag beginnen in Aiguebelette \/ Frankreich die Weltmeisterschaften im Rudern. Mit dabei sind auch unsere beiden Spitzenathleten <a href=\"https:\/\/cellerruderverein.de\/wp-content\/uploads\/2014\/08\/Foto.jpg\" target=\"_blank\">Peter Kluge<\/a> und <a href=\"https:\/\/cellerruderverein.de\/wp-content\/uploads\/2013\/07\/DSC_0453.jpg\" target=\"_blank\">Patrick Leineweber<\/a>.<\/p>\n<p style=\"text-align: justify;\">Peter Kluge wird zusammen mit Alexander Egler (DRC Hannover) im M\u00e4nner-Zweier o. Stm. starten und um die Olympiaqualifikation f\u00fcr den Deutschen Ruderverband in dieser Bootsklasse k\u00e4mpfen.<\/p>\n<p style=\"text-align: justify;\">Patrick Leineweber wurde vom DRV als Ersatzmann f\u00fcr den Bereich M\u00e4nner Skull nominiert und ist in dieser Rolle im Saisonverlauf bereits mehrfach zum Einsatz gekommen. Wir w\u00fcnschen beiden Sportlern und dem Deutschen Ruderverband viel Erfolg!<\/p>\n<p style=\"text-align: justify;\">Alle Informationen zur Weltmeisterschaft gibt es <a href=\"http:\/\/www.rudern.de\/nachricht\/news\/2015\/08\/27\/wm-2015-informationenuebersicht\/\" target=\"_blank\">hier<\/a>.<\/p>\n<p style=\"text-align: justify;\"><a href=\"http:\/\/t.co\/x1KlK94Xkk\">Vorbericht der Celleschen Zeitung vom 27.08.2015<\/a><\/p>\n<p>&nbsp;<\/p>\n","protected":false},"excerpt":{"rendered":"<p>Am Sonntag beginnen in Aiguebelette \/ Frankreich die Weltmeisterschaften im Rudern. Mit dabei sind auch unsere beiden Spitzenathleten Peter Kluge und Patrick Leineweber. Peter Kluge wird zusammen mit Alexander Egler (DRC Hannover) im M\u00e4nner-Zweier o. Stm. starten und um die Olympiaqualifikation f\u00fcr den Deutschen Ruderverband in dieser Bootsklasse k\u00e4mpfen. Patrick Leineweber wurde vom DRV als Ersatzmann f\u00fcr den Bereich M\u00e4nner Skull nominiert und ist in dieser Rolle im Saisonverlauf bereits mehrfach zum Einsatz gekommen. Wir \u2026 <a class=\"continue-reading-link\" href=\"https:\/\/cellerruderverein.de\/?p=1189\"> Weiterlesen <span class=\"meta-nav\">&rarr; <\/span><\/a><\/p>\n","protected":false},"author":1,"featured_media":0,"comment_status":"closed","ping_status":"closed","sticky":false,"template":"","format":"standard","meta":{"jetpack_post_was_ever_published":false,"_jetpack_newsletter_access":"","_jetpack_dont_email_post_to_subs":false,"_jetpack_newsletter_tier_id":0,"_jetpack_memberships_contains_paywalled_content":false,"_jetpack_memberships_contains_paid_content":false,"footnotes":"","jetpack_publicize_message":"","jetpack_publicize_feature_enabled":true,"jetpack_social_post_already_shared":true,"jetpack_social_options":{"image_generator_settings":{"template":"highway","default_image_id":0,"font":"","enabled":false},"version":2}},"categories":[3],"tags":[],"class_list":["post-1189","post","type-post","status-publish","format-standard","hentry","category-nachrichten"],"jetpack_publicize_connections":[],"jetpack_featured_media_url":"","jetpack-related-posts":[{"id":506,"url":"https:\/\/cellerruderverein.de\/?p=506","url_meta":{"origin":1189,"position":0},"title":"Internationale H\u00fcgel-Regatta in Essen","author":"Admin","date":"11. Mai 2013","format":false,"excerpt":"Update 21:30 Uhr Bei str\u00f6mendem Regen und starken Wellen konnte Ann-Cathrin Leineweber heute einen guten vierten Platz hinter Booten aus Deutschland, der Schweiz und Polen belegen. Bei \u00e4hnlich schwierigen Bedingungen gelang es Peter Kluge\/Robin Ponte nicht an die gute Leistung aus dem Vorlauf anzukn\u00fcpfen. Daher reichte es am Ende leider\u2026","rel":"","context":"In &quot;Leistungssport&quot;","block_context":{"text":"Leistungssport","link":"https:\/\/cellerruderverein.de\/?cat=4"},"img":{"alt_text":"","src":"https:\/\/i0.wp.com\/cellerruderverein.de\/wp-content\/uploads\/2013\/05\/20130511-100843-150x100.jpg?resize=350%2C200","width":350,"height":200},"classes":[]},{"id":1200,"url":"https:\/\/cellerruderverein.de\/?p=1200","url_meta":{"origin":1189,"position":1},"title":"Guter WM-Start f\u00fcr Peter Kluge und Patrick Leineweber","author":"Admin","date":"30. August 2015","format":false,"excerpt":"Peter Kluge startet mit Partner Alexander Egler gut in die WM, ein 3. Platz im Vorlauf reicht ihnen f\u00fcr den direkte Einzug ins Viertelfinale. Am Mittwoch geht es f\u00fcr Peter wieder darum unter die besten drei zu fahren und sich einen Platz im Halbfinale zu sichern. Die Daumen sind gedr\u00fcckt!\u2026","rel":"","context":"In &quot;Leistungssport&quot;","block_context":{"text":"Leistungssport","link":"https:\/\/cellerruderverein.de\/?cat=4"},"img":{"alt_text":"Aiguebelette_Worlds_FINAL_web","src":"https:\/\/i0.wp.com\/cellerruderverein.de\/wp-content\/uploads\/2015\/08\/Aiguebelette_Worlds_FINAL_web.jpg?resize=350%2C200","width":350,"height":200},"classes":[]},{"id":464,"url":"https:\/\/cellerruderverein.de\/?p=464","url_meta":{"origin":1189,"position":2},"title":"Deutsche Kleinbootmeisterschaften in Duisburg","author":"Admin","date":"19. April 2013","format":false,"excerpt":"21.04.2013 Peter Kluge und Robin Ponte gewinnen mit einem spannenden Endspurt das C-Finale im M\u00e4nner-Zweier o. Stm. Emil Wendeler und Christian Holzapfel belegen den 2. Platz im C-Finale des Leichtgewichts-M\u00e4nner-Zweiers o. Stm. Patrick Leineweber wird Sechster im B-Finale des M\u00e4nner-Einers, kann dabei aber den Abstand auf die vor ihm platzierten\u2026","rel":"","context":"In &quot;Leistungssport&quot;","block_context":{"text":"Leistungssport","link":"https:\/\/cellerruderverein.de\/?cat=4"},"img":{"alt_text":"","src":"https:\/\/i0.wp.com\/cellerruderverein.de\/wp-content\/uploads\/2013\/04\/image-150x100.jpg?resize=350%2C200","width":350,"height":200},"classes":[]},{"id":1130,"url":"https:\/\/cellerruderverein.de\/?p=1130","url_meta":{"origin":1189,"position":3},"title":"Platz drei und sechs beim World Cup in Bled","author":"Admin","date":"10. Mai 2015","format":false,"excerpt":"Mit einem dritten Platz im M\u00e4nner-Achter und dem sechsten Platz im M\u00e4nner-Doppelzweier treten Peter Kluge und Patrick Leineweber die Heimreise vom 1. World Rowing Cup in Bled an. Peter Kluge belegte mit dem zweiten deutschen Achter in einem packenden Rennen den dritten Platz hinter dem Sieger Deutschland 1 und Polen,\u2026","rel":"","context":"In &quot;Leistungssport&quot;","block_context":{"text":"Leistungssport","link":"https:\/\/cellerruderverein.de\/?cat=4"},"img":{"alt_text":"Patrick Leineweber, Lars Hartig Foto: Deutscher Ruderverband\/Seyb, www.rudern.de","src":"https:\/\/i0.wp.com\/cellerruderverein.de\/wp-content\/uploads\/2015\/05\/samstag-3755-150x100.jpg?resize=350%2C200","width":350,"height":200},"classes":[]},{"id":181,"url":"https:\/\/cellerruderverein.de\/?p=181","url_meta":{"origin":1189,"position":4},"title":"Licht und Schatten in Dortmund","author":"Admin","date":"2. Dezember 2012","format":false,"excerpt":"Unsere Leistungstr\u00e4ger Peter Kluge und Patrick Leineweber konnten gestern auch in Dortmund \u00fcberzeugen. In Abwesenheit der meisten Olympiastarter konnte Peter Kluge zusammen mit Milan Dzambasevic (DRC Hannover) einen guten f\u00fcnften Platz im M\u00e4nner-Zweier o. Stm. erk\u00e4mpfen. Auch Patrick Leineweber \u00fcberzeugte mit dem sechsten Platz im M\u00e4nner-Einer, in dem die meisten\u2026","rel":"","context":"In &quot;Leistungssport&quot;","block_context":{"text":"Leistungssport","link":"https:\/\/cellerruderverein.de\/?cat=4"},"img":{"alt_text":"","src":"","width":0,"height":0},"classes":[]},{"id":120,"url":"https:\/\/cellerruderverein.de\/?p=120","url_meta":{"origin":1189,"position":5},"title":"Gold und Silber in Hamburg","author":"Admin","date":"29. September 2012","format":false,"excerpt":"Am ersten Wettkampftag der Norddeutschen Meisterschaften in Hamburg konnten unsere Aktiven gleich zwei Medaillen f\u00fcr den CRV erk\u00e4mpfen. Patrick Leineweber siegte im M\u00e4nner-Einer, seine Schwester Ann-Cathrin belegte im Finale des Juniorinnen-Einers den zweiten Platz und sicherte sich somit die Silbermedaille. Am Sonntag konnten Patrick Leineweber und Peter Kluge mit einem\u2026","rel":"","context":"In &quot;Leistungssport&quot;","block_context":{"text":"Leistungssport","link":"https:\/\/cellerruderverein.de\/?cat=4"},"img":{"alt_text":"","src":"","width":0,"height":0},"classes":[]}],"jetpack_sharing_enabled":true,"jetpack_shortlink":"https:\/\/wp.me\/s3cUVs-1189","jetpack_likes_enabled":false,"_links":{"self":[{"href":"https:\/\/cellerruderverein.de\/index.php?rest_route=\/wp\/v2\/posts\/1189","targetHints":{"allow":["GET"]}}],"collection":[{"href":"https:\/\/cellerruderverein.de\/index.php?rest_route=\/wp\/v2\/posts"}],"about":[{"href":"https:\/\/cellerruderverein.de\/index.php?rest_route=\/wp\/v2\/types\/post"}],"author":[{"embeddable":true,"href":"https:\/\/cellerruderverein.de\/index.php?rest_route=\/wp\/v2\/users\/1"}],"replies":[{"embeddable":true,"href":"https:\/\/cellerruderverein.de\/index.php?rest_route=%2Fwp%2Fv2%2Fcomments&post=1189"}],"version-history":[{"count":8,"href":"https:\/\/cellerruderverein.de\/index.php?rest_route=\/wp\/v2\/posts\/1189\/revisions"}],"predecessor-version":[{"id":1198,"href":"https:\/\/cellerruderverein.de\/index.php?rest_route=\/wp\/v2\/posts\/1189\/revisions\/1198"}],"wp:attachment":[{"href":"https:\/\/cellerruderverein.de\/index.php?rest_route=%2Fwp%2Fv2%2Fmedia&parent=1189"}],"wp:term":[{"taxonomy":"category","embeddable":true,"href":"https:\/\/cellerruderverein.de\/index.php?rest_route=%2Fwp%2Fv2%2Fcategories&post=1189"},{"taxonomy":"post_tag","embeddable":true,"href":"https:\/\/cellerruderverein.de\/index.php?rest_route=%2Fwp%2Fv2%2Ftags&post=1189"}],"curies":[{"name":"wp","href":"https:\/\/api.w.org\/{rel}","templated":true}]}}