{"id":1203,"date":"2015-09-02T13:18:27","date_gmt":"2015-09-02T11:18:27","guid":{"rendered":"http:\/\/cellerruderverein.de\/?p=1203"},"modified":"2015-09-13T19:47:17","modified_gmt":"2015-09-13T17:47:17","slug":"kluge-egler-verpassen-halbfinale-und-olympiaqualifikation","status":"publish","type":"post","link":"https:\/\/cellerruderverein.de\/?p=1203","title":{"rendered":"Kluge \/ Egler verpassen Halbfinale und Olympiaqualifikation"},"content":{"rendered":"<p><a href=\"https:\/\/i0.wp.com\/cellerruderverein.de\/wp-content\/uploads\/2015\/08\/Aiguebelette_Worlds_FINAL_web.jpg?ssl=1\"><img data-recalc-dims=\"1\" loading=\"lazy\" decoding=\"async\" data-attachment-id=\"1190\" data-permalink=\"https:\/\/cellerruderverein.de\/?attachment_id=1190\" data-orig-file=\"https:\/\/i0.wp.com\/cellerruderverein.de\/wp-content\/uploads\/2015\/08\/Aiguebelette_Worlds_FINAL_web.jpg?fit=256%2C100&amp;ssl=1\" data-orig-size=\"256,100\" data-comments-opened=\"0\" data-image-meta=\"{&quot;aperture&quot;:&quot;0&quot;,&quot;credit&quot;:&quot;&quot;,&quot;camera&quot;:&quot;&quot;,&quot;caption&quot;:&quot;&quot;,&quot;created_timestamp&quot;:&quot;0&quot;,&quot;copyright&quot;:&quot;&quot;,&quot;focal_length&quot;:&quot;0&quot;,&quot;iso&quot;:&quot;0&quot;,&quot;shutter_speed&quot;:&quot;0&quot;,&quot;title&quot;:&quot;&quot;,&quot;orientation&quot;:&quot;1&quot;}\" data-image-title=\"Aiguebelette_Worlds_FINAL_web\" data-image-description=\"\" data-image-caption=\"\" data-large-file=\"https:\/\/i0.wp.com\/cellerruderverein.de\/wp-content\/uploads\/2015\/08\/Aiguebelette_Worlds_FINAL_web.jpg?fit=256%2C100&amp;ssl=1\" class=\"alignleft wp-image-1190\" src=\"https:\/\/i0.wp.com\/cellerruderverein.de\/wp-content\/uploads\/2015\/08\/Aiguebelette_Worlds_FINAL_web.jpg?resize=151%2C59&#038;ssl=1\" alt=\"Aiguebelette_Worlds_FINAL_web\" width=\"151\" height=\"59\" srcset=\"https:\/\/i0.wp.com\/cellerruderverein.de\/wp-content\/uploads\/2015\/08\/Aiguebelette_Worlds_FINAL_web.jpg?w=256&amp;ssl=1 256w, https:\/\/i0.wp.com\/cellerruderverein.de\/wp-content\/uploads\/2015\/08\/Aiguebelette_Worlds_FINAL_web.jpg?resize=250%2C100&amp;ssl=1 250w, https:\/\/i0.wp.com\/cellerruderverein.de\/wp-content\/uploads\/2015\/08\/Aiguebelette_Worlds_FINAL_web.jpg?resize=150%2C59&amp;ssl=1 150w\" sizes=\"auto, (max-width: 151px) 100vw, 151px\" \/><\/a>In einem spannenden Rennen verpassten <a href=\"https:\/\/cellerruderverein.de\/wp-content\/uploads\/2014\/08\/Foto.jpg\">Peter Kluge<\/a> (Celler RV) und Alexander Egler (DRC Hannover) heute mit dem vierten Platz im Viertelfinale und einem R\u00fcckstand von 0,83 Sekunden auf Platz drei den Einzug in die Halbfinals und damit auch die M\u00f6glichkeit, den M\u00e4nner-Zweier o. Stm. f\u00fcr die Olympischen Spiele in Rio 2016 zu qualifizieren.<\/p>\n<p>Dies kann aber immer noch bei der Qualifikationsregatta im n\u00e4chsten Jahr gelingen, bei der die letzten beiden Startpl\u00e4tze ausgefahren werden.<\/p>\n<p>&nbsp;<\/p>\n","protected":false},"excerpt":{"rendered":"<p>In einem spannenden Rennen verpassten Peter Kluge (Celler RV) und Alexander Egler (DRC Hannover) heute mit dem vierten Platz im Viertelfinale und einem R\u00fcckstand von 0,83 Sekunden auf Platz drei den Einzug in die Halbfinals und damit auch die M\u00f6glichkeit, den M\u00e4nner-Zweier o. Stm. f\u00fcr die Olympischen Spiele in Rio 2016 zu qualifizieren. Dies kann aber immer noch bei der Qualifikationsregatta im n\u00e4chsten Jahr gelingen, bei der die letzten beiden Startpl\u00e4tze ausgefahren werden. &nbsp;<\/p>\n","protected":false},"author":1,"featured_media":0,"comment_status":"closed","ping_status":"closed","sticky":false,"template":"","format":"standard","meta":{"jetpack_post_was_ever_published":false,"_jetpack_newsletter_access":"","_jetpack_dont_email_post_to_subs":false,"_jetpack_newsletter_tier_id":0,"_jetpack_memberships_contains_paywalled_content":false,"_jetpack_memberships_contains_paid_content":false,"footnotes":"","jetpack_publicize_message":"","jetpack_publicize_feature_enabled":true,"jetpack_social_post_already_shared":true,"jetpack_social_options":{"image_generator_settings":{"template":"highway","default_image_id":0,"font":"","enabled":false},"version":2}},"categories":[4,3,18],"tags":[],"class_list":["post-1203","post","type-post","status-publish","format-standard","hentry","category-leistungssport","category-nachrichten","category-start"],"jetpack_publicize_connections":[],"jetpack_featured_media_url":"","jetpack-related-posts":[{"id":1200,"url":"https:\/\/cellerruderverein.de\/?p=1200","url_meta":{"origin":1203,"position":0},"title":"Guter WM-Start f\u00fcr Peter Kluge und Patrick Leineweber","author":"Admin","date":"30. August 2015","format":false,"excerpt":"Peter Kluge startet mit Partner Alexander Egler gut in die WM, ein 3. Platz im Vorlauf reicht ihnen f\u00fcr den direkte Einzug ins Viertelfinale. Am Mittwoch geht es f\u00fcr Peter wieder darum unter die besten drei zu fahren und sich einen Platz im Halbfinale zu sichern. Die Daumen sind gedr\u00fcckt!\u2026","rel":"","context":"In &quot;Leistungssport&quot;","block_context":{"text":"Leistungssport","link":"https:\/\/cellerruderverein.de\/?cat=4"},"img":{"alt_text":"Aiguebelette_Worlds_FINAL_web","src":"https:\/\/i0.wp.com\/cellerruderverein.de\/wp-content\/uploads\/2015\/08\/Aiguebelette_Worlds_FINAL_web.jpg?resize=350%2C200","width":350,"height":200},"classes":[]},{"id":1003,"url":"https:\/\/cellerruderverein.de\/?p=1003","url_meta":{"origin":1203,"position":1},"title":"Peter Kluge startet im A-Finale!","author":"Admin","date":"27. August 2014","format":false,"excerpt":"Bei den Ruderweltmeisterschaften im niederl\u00e4ndischen Amsterdam konnte sich heute der deutsche M\u00e4nner-Zweier m. Stm. mit einem ungef\u00e4hrdeten Sieg im Hoffnungslauf f\u00fcr das A-Finale am Freitag qualifizieren. Peter Kluge (Celler RV), Alexander Egler (DRC Hannover) und Stm. Jonas Wiesen (RG Treis-Karden) treffen dort auf die Vorlaufsieger aus Gro\u00dfbritannien und Neuseeland, sowie\u2026","rel":"","context":"In &quot;Allgemein&quot;","block_context":{"text":"Allgemein","link":"https:\/\/cellerruderverein.de\/?cat=5"},"img":{"alt_text":"","src":"https:\/\/i0.wp.com\/cellerruderverein.de\/wp-content\/uploads\/2014\/08\/Foto-216x300.jpg?resize=350%2C200","width":350,"height":200},"classes":[]},{"id":990,"url":"https:\/\/cellerruderverein.de\/?p=990","url_meta":{"origin":1203,"position":2},"title":"Peter Kluge f\u00e4hrt zur WM!","author":"Admin","date":"17. August 2014","format":false,"excerpt":"Aufgrund seiner Saisonleistungen wurde unser Vereinsmitglied Peter Kluge vom Deutschen Ruderverband (DRV) f\u00fcr die Teilnahme an den diesj\u00e4hrigen Ruderweltmeisterschaften in Amsterdam im Zweier mit Steuermann nominiert. Zusammen mit Alexander Egler (DRC Hannover) und Jonas Wiesen (RG Treis-Karden) wird er ab Montag, 25.08.2014, um die Medaillen k\u00e4mpfen. Wir dr\u00fccken ganz fest\u2026","rel":"","context":"In &quot;Leistungssport&quot;","block_context":{"text":"Leistungssport","link":"https:\/\/cellerruderverein.de\/?cat=4"},"img":{"alt_text":"","src":"https:\/\/i0.wp.com\/cellerruderverein.de\/wp-content\/uploads\/2014\/08\/Foto-216x300.jpg?resize=350%2C200","width":350,"height":200},"classes":[]},{"id":1007,"url":"https:\/\/cellerruderverein.de\/?p=1007","url_meta":{"origin":1203,"position":3},"title":"Bronze in Amsterdam!","author":"Admin","date":"29. August 2014","format":false,"excerpt":"Bei schwierigen \u00e4u\u00dferen Bedingungen konnten Peter Kluge (Celler RV), Alexander Egler (DRC Hannover) und Stm. Jonas Wiesen (RG Treis-Karden) heute bei den Ruder-Weltmeisterschaften in Amsterdam die Bronze-Medaille im M\u00e4nner-Zweier m. Stm. erk\u00e4mpfen. Trotz starker Wellenbildung auf der zweiten Streckenh\u00e4lfte konnten die Sieger aus Neuseeland bei eine neue Weltbestzeit in dieser\u2026","rel":"","context":"In &quot;Leistungssport&quot;","block_context":{"text":"Leistungssport","link":"https:\/\/cellerruderverein.de\/?cat=4"},"img":{"alt_text":"image","src":"https:\/\/i0.wp.com\/cellerruderverein.de\/wp-content\/uploads\/2014\/07\/image1-150x100.jpg?resize=350%2C200","width":350,"height":200},"classes":[]},{"id":1189,"url":"https:\/\/cellerruderverein.de\/?p=1189","url_meta":{"origin":1203,"position":4},"title":"Kluge und Leineweber freuen sich auf Ruder-WM","author":"Admin","date":"28. August 2015","format":false,"excerpt":"Am Sonntag beginnen in Aiguebelette \/ Frankreich die Weltmeisterschaften im Rudern. Mit dabei sind auch unsere beiden Spitzenathleten Peter Kluge und Patrick Leineweber. Peter Kluge wird zusammen mit Alexander Egler (DRC Hannover) im M\u00e4nner-Zweier o. Stm. starten und um die Olympiaqualifikation f\u00fcr den Deutschen Ruderverband in dieser Bootsklasse k\u00e4mpfen. Patrick\u2026","rel":"","context":"In &quot;Nachrichten&quot;","block_context":{"text":"Nachrichten","link":"https:\/\/cellerruderverein.de\/?cat=3"},"img":{"alt_text":"Aiguebelette_Worlds_FINAL_web","src":"https:\/\/i0.wp.com\/cellerruderverein.de\/wp-content\/uploads\/2015\/08\/Aiguebelette_Worlds_FINAL_web.jpg?resize=350%2C200","width":350,"height":200},"classes":[]},{"id":506,"url":"https:\/\/cellerruderverein.de\/?p=506","url_meta":{"origin":1203,"position":5},"title":"Internationale H\u00fcgel-Regatta in Essen","author":"Admin","date":"11. Mai 2013","format":false,"excerpt":"Update 21:30 Uhr Bei str\u00f6mendem Regen und starken Wellen konnte Ann-Cathrin Leineweber heute einen guten vierten Platz hinter Booten aus Deutschland, der Schweiz und Polen belegen. Bei \u00e4hnlich schwierigen Bedingungen gelang es Peter Kluge\/Robin Ponte nicht an die gute Leistung aus dem Vorlauf anzukn\u00fcpfen. Daher reichte es am Ende leider\u2026","rel":"","context":"In &quot;Leistungssport&quot;","block_context":{"text":"Leistungssport","link":"https:\/\/cellerruderverein.de\/?cat=4"},"img":{"alt_text":"","src":"https:\/\/i0.wp.com\/cellerruderverein.de\/wp-content\/uploads\/2013\/05\/20130511-100843-150x100.jpg?resize=350%2C200","width":350,"height":200},"classes":[]}],"jetpack_sharing_enabled":true,"jetpack_shortlink":"https:\/\/wp.me\/p3cUVs-jp","jetpack_likes_enabled":false,"_links":{"self":[{"href":"https:\/\/cellerruderverein.de\/index.php?rest_route=\/wp\/v2\/posts\/1203","targetHints":{"allow":["GET"]}}],"collection":[{"href":"https:\/\/cellerruderverein.de\/index.php?rest_route=\/wp\/v2\/posts"}],"about":[{"href":"https:\/\/cellerruderverein.de\/index.php?rest_route=\/wp\/v2\/types\/post"}],"author":[{"embeddable":true,"href":"https:\/\/cellerruderverein.de\/index.php?rest_route=\/wp\/v2\/users\/1"}],"replies":[{"embeddable":true,"href":"https:\/\/cellerruderverein.de\/index.php?rest_route=%2Fwp%2Fv2%2Fcomments&post=1203"}],"version-history":[{"count":3,"href":"https:\/\/cellerruderverein.de\/index.php?rest_route=\/wp\/v2\/posts\/1203\/revisions"}],"predecessor-version":[{"id":1206,"href":"https:\/\/cellerruderverein.de\/index.php?rest_route=\/wp\/v2\/posts\/1203\/revisions\/1206"}],"wp:attachment":[{"href":"https:\/\/cellerruderverein.de\/index.php?rest_route=%2Fwp%2Fv2%2Fmedia&parent=1203"}],"wp:term":[{"taxonomy":"category","embeddable":true,"href":"https:\/\/cellerruderverein.de\/index.php?rest_route=%2Fwp%2Fv2%2Fcategories&post=1203"},{"taxonomy":"post_tag","embeddable":true,"href":"https:\/\/cellerruderverein.de\/index.php?rest_route=%2Fwp%2Fv2%2Ftags&post=1203"}],"curies":[{"name":"wp","href":"https:\/\/api.w.org\/{rel}","templated":true}]}}