{"id":1208,"date":"2015-09-13T19:55:55","date_gmt":"2015-09-13T17:55:55","guid":{"rendered":"http:\/\/cellerruderverein.de\/?p=1208"},"modified":"2016-07-14T23:00:54","modified_gmt":"2016-07-14T21:00:54","slug":"patrick-leineweber-ist-studenten-europameister","status":"publish","type":"post","link":"https:\/\/cellerruderverein.de\/?p=1208","title":{"rendered":"Patrick Leineweber ist Studenten-Europameister!"},"content":{"rendered":"<div id=\"attachment_1209\" style=\"width: 160px\" class=\"wp-caption alignleft\"><a href=\"https:\/\/i0.wp.com\/cellerruderverein.de\/wp-content\/uploads\/2015\/09\/11958289_982690595110979_7162302005337683631_o.jpg?ssl=1\"><img data-recalc-dims=\"1\" loading=\"lazy\" decoding=\"async\" aria-describedby=\"caption-attachment-1209\" data-attachment-id=\"1209\" data-permalink=\"https:\/\/cellerruderverein.de\/?attachment_id=1209\" data-orig-file=\"https:\/\/i0.wp.com\/cellerruderverein.de\/wp-content\/uploads\/2015\/09\/11958289_982690595110979_7162302005337683631_o.jpg?fit=2048%2C1365&amp;ssl=1\" data-orig-size=\"2048,1365\" data-comments-opened=\"0\" data-image-meta=\"{&quot;aperture&quot;:&quot;0&quot;,&quot;credit&quot;:&quot;&quot;,&quot;camera&quot;:&quot;&quot;,&quot;caption&quot;:&quot;&quot;,&quot;created_timestamp&quot;:&quot;0&quot;,&quot;copyright&quot;:&quot;&quot;,&quot;focal_length&quot;:&quot;0&quot;,&quot;iso&quot;:&quot;0&quot;,&quot;shutter_speed&quot;:&quot;0&quot;,&quot;title&quot;:&quot;&quot;,&quot;orientation&quot;:&quot;0&quot;}\" data-image-title=\"Patrick Leineweber (Mitte)\" data-image-description=\"\" data-image-caption=\"&lt;p&gt;Foto: ADH&lt;\/p&gt;\n\" data-large-file=\"https:\/\/i0.wp.com\/cellerruderverein.de\/wp-content\/uploads\/2015\/09\/11958289_982690595110979_7162302005337683631_o.jpg?fit=800%2C534&amp;ssl=1\" class=\" wp-image-1209\" src=\"https:\/\/i0.wp.com\/cellerruderverein.de\/wp-content\/uploads\/2015\/09\/11958289_982690595110979_7162302005337683631_o.jpg?resize=150%2C100&#038;ssl=1\" alt=\"Foto: ADH\" width=\"150\" height=\"100\" srcset=\"https:\/\/i0.wp.com\/cellerruderverein.de\/wp-content\/uploads\/2015\/09\/11958289_982690595110979_7162302005337683631_o.jpg?w=2048&amp;ssl=1 2048w, https:\/\/i0.wp.com\/cellerruderverein.de\/wp-content\/uploads\/2015\/09\/11958289_982690595110979_7162302005337683631_o.jpg?resize=150%2C100&amp;ssl=1 150w, https:\/\/i0.wp.com\/cellerruderverein.de\/wp-content\/uploads\/2015\/09\/11958289_982690595110979_7162302005337683631_o.jpg?resize=300%2C200&amp;ssl=1 300w, https:\/\/i0.wp.com\/cellerruderverein.de\/wp-content\/uploads\/2015\/09\/11958289_982690595110979_7162302005337683631_o.jpg?resize=1024%2C683&amp;ssl=1 1024w, https:\/\/i0.wp.com\/cellerruderverein.de\/wp-content\/uploads\/2015\/09\/11958289_982690595110979_7162302005337683631_o.jpg?resize=120%2C80&amp;ssl=1 120w, https:\/\/i0.wp.com\/cellerruderverein.de\/wp-content\/uploads\/2015\/09\/11958289_982690595110979_7162302005337683631_o.jpg?w=1600&amp;ssl=1 1600w\" sizes=\"auto, (max-width: 150px) 100vw, 150px\" \/><\/a><p id=\"caption-attachment-1209\" class=\"wp-caption-text\">Foto: ADH<\/p><\/div>\n<p>Auf dem Maschsee in Hannover fanden in den letzten Tagen die Studenten-Europameisterschaften im Rudern statt. Patrick Leinweber ging dort f\u00fcr die Leibniz-Unversit\u00e4t an den Start sicherte sich den Titel im M\u00e4nner-Einer. Im Finale, f\u00fcr das sich der Maschinenbau-Student \u00fcber Vorlauf und Halbfinale souver\u00e4n qualifiziert hatte, verwies er die Konkurrenten aus Ungarn und Wei\u00dfrusland auf die Pl\u00e4tze 2 und 3.<\/p>\n<p>Der Titel ist ein sch\u00f6ner Abschluss f\u00fcr eine insgesamt erfolgreiche Saison und gibt Selbstvertrauen und Mut f\u00fcr die anstehenden Aufgaben im Hinblick auf die Olympiaqualifikation.<\/p>\n","protected":false},"excerpt":{"rendered":"<p>Auf dem Maschsee in Hannover fanden in den letzten Tagen die Studenten-Europameisterschaften im Rudern statt. Patrick Leinweber ging dort f\u00fcr die Leibniz-Unversit\u00e4t an den Start sicherte sich den Titel im M\u00e4nner-Einer. Im Finale, f\u00fcr das sich der Maschinenbau-Student \u00fcber Vorlauf und Halbfinale souver\u00e4n qualifiziert hatte, verwies er die Konkurrenten aus Ungarn und Wei\u00dfrusland auf die Pl\u00e4tze 2 und 3. Der Titel ist ein sch\u00f6ner Abschluss f\u00fcr eine insgesamt erfolgreiche Saison und gibt Selbstvertrauen und Mut \u2026 <a class=\"continue-reading-link\" href=\"https:\/\/cellerruderverein.de\/?p=1208\"> Weiterlesen <span class=\"meta-nav\">&rarr; <\/span><\/a><\/p>\n","protected":false},"author":1,"featured_media":0,"comment_status":"closed","ping_status":"closed","sticky":false,"template":"","format":"standard","meta":{"jetpack_post_was_ever_published":false,"_jetpack_newsletter_access":"","_jetpack_dont_email_post_to_subs":false,"_jetpack_newsletter_tier_id":0,"_jetpack_memberships_contains_paywalled_content":false,"_jetpack_memberships_contains_paid_content":false,"footnotes":"","jetpack_publicize_message":"","jetpack_publicize_feature_enabled":true,"jetpack_social_post_already_shared":true,"jetpack_social_options":{"image_generator_settings":{"template":"highway","default_image_id":0,"font":"","enabled":false},"version":2}},"categories":[4,3],"tags":[],"class_list":["post-1208","post","type-post","status-publish","format-standard","hentry","category-leistungssport","category-nachrichten"],"jetpack_publicize_connections":[],"jetpack_featured_media_url":"","jetpack-related-posts":[{"id":1410,"url":"https:\/\/cellerruderverein.de\/?p=1410","url_meta":{"origin":1208,"position":0},"title":"Titel erfolgreich verteidigt! Patrick Leineweber ist Studenten-Europameister","author":"Admin","date":"14. Juli 2016","format":false,"excerpt":"Bei den Studenten-Europameisterschaften in Zagreb ist Patrick Leineweber die Titelverteidigung im M\u00e4nner-Einer gelungen. Mit souver\u00e4nen Siegen im Vorlauf und Halbfinale hatte er sich f\u00fcr den Endlauf qualifiziert. Im Finale setzte er sich in einem hochklassigen Rennen mit einem Start-Ziel-Sieg gegen die Konkurrenz durch und darf sich nun zum zweiten Mal\u2026","rel":"","context":"In &quot;Leistungssport&quot;","block_context":{"text":"Leistungssport","link":"https:\/\/cellerruderverein.de\/?cat=4"},"img":{"alt_text":"WhatsApp-Image-20160714","src":"https:\/\/i0.wp.com\/cellerruderverein.de\/wp-content\/uploads\/2016\/07\/WhatsApp-Image-20160714-150x100.jpeg?resize=350%2C200","width":350,"height":200},"classes":[]},{"id":970,"url":"https:\/\/cellerruderverein.de\/?p=970","url_meta":{"origin":1208,"position":1},"title":"CRV-Nachwuchs in Wolfsburg erfolgreich","author":"Admin","date":"15. Juli 2014","format":false,"excerpt":"Mit drei Siegen im Gep\u00e4ck traten die Juniorinnen und Junioren des CRV am Sonntag die Heimreise von den Nieders\u00e4chsischen Landesmeisterschaften und der Wolfsburger Ruderregatta auf dem Allersee an. Auf der 1000m-Strecke erk\u00e4mpften sich Mattis Spiller und Robert Leineweber den Landesmeister-Titel im Junioren-Doppelzweier B (15\/16 Jahre). Zusammen mit Lasse He\u00df (RV\u2026","rel":"","context":"In &quot;Leistungssport&quot;","block_context":{"text":"Leistungssport","link":"https:\/\/cellerruderverein.de\/?cat=4"},"img":{"alt_text":"Lasse He\u00df, Mattis Spiller","src":"https:\/\/i0.wp.com\/cellerruderverein.de\/wp-content\/uploads\/2014\/07\/image2-150x100.jpg?resize=350%2C200","width":350,"height":200},"classes":[]},{"id":1521,"url":"https:\/\/cellerruderverein.de\/?p=1521","url_meta":{"origin":1208,"position":2},"title":"Geschichte","author":"Admin","date":"23. Februar 2017","format":false,"excerpt":"Geschichte\u00a0des Celler Rudervereins e.V. Bildergalerie 1957 -2017 von Volker Wieneke Am 28. Mai 1957 wurde der Celler Ruderverein e.V. gegr\u00fcndet. Die Gr\u00fcndungsmitglieder waren Hans Stroehmer, Hansj\u00f6rg Bopp, Volker Strasser, Peter Trautvetter, Dr. Sch\u00e4licke, Rolf Spies und Detlef Sagebiel. Erster Vorsitzender war Detlef Sagebiel, Hansj\u00f6rg Bopp und Volker Strasser seine Stellvertreter.\u2026","rel":"","context":"In &quot;Allgemein&quot;","block_context":{"text":"Allgemein","link":"https:\/\/cellerruderverein.de\/?cat=5"},"img":{"alt_text":"","src":"https:\/\/i0.wp.com\/cellerruderverein.de\/wp-content\/uploads\/2012\/08\/cropped-CRV-Bild1-300x208.jpg?resize=350%2C200","width":350,"height":200},"classes":[]},{"id":464,"url":"https:\/\/cellerruderverein.de\/?p=464","url_meta":{"origin":1208,"position":3},"title":"Deutsche Kleinbootmeisterschaften in Duisburg","author":"Admin","date":"19. April 2013","format":false,"excerpt":"21.04.2013 Peter Kluge und Robin Ponte gewinnen mit einem spannenden Endspurt das C-Finale im M\u00e4nner-Zweier o. Stm. Emil Wendeler und Christian Holzapfel belegen den 2. Platz im C-Finale des Leichtgewichts-M\u00e4nner-Zweiers o. Stm. Patrick Leineweber wird Sechster im B-Finale des M\u00e4nner-Einers, kann dabei aber den Abstand auf die vor ihm platzierten\u2026","rel":"","context":"In &quot;Leistungssport&quot;","block_context":{"text":"Leistungssport","link":"https:\/\/cellerruderverein.de\/?cat=4"},"img":{"alt_text":"","src":"https:\/\/i0.wp.com\/cellerruderverein.de\/wp-content\/uploads\/2013\/04\/image-150x100.jpg?resize=350%2C200","width":350,"height":200},"classes":[]},{"id":1189,"url":"https:\/\/cellerruderverein.de\/?p=1189","url_meta":{"origin":1208,"position":4},"title":"Kluge und Leineweber freuen sich auf Ruder-WM","author":"Admin","date":"28. August 2015","format":false,"excerpt":"Am Sonntag beginnen in Aiguebelette \/ Frankreich die Weltmeisterschaften im Rudern. Mit dabei sind auch unsere beiden Spitzenathleten Peter Kluge und Patrick Leineweber. Peter Kluge wird zusammen mit Alexander Egler (DRC Hannover) im M\u00e4nner-Zweier o. Stm. starten und um die Olympiaqualifikation f\u00fcr den Deutschen Ruderverband in dieser Bootsklasse k\u00e4mpfen. Patrick\u2026","rel":"","context":"In &quot;Nachrichten&quot;","block_context":{"text":"Nachrichten","link":"https:\/\/cellerruderverein.de\/?cat=3"},"img":{"alt_text":"Aiguebelette_Worlds_FINAL_web","src":"https:\/\/i0.wp.com\/cellerruderverein.de\/wp-content\/uploads\/2015\/08\/Aiguebelette_Worlds_FINAL_web.jpg?resize=350%2C200","width":350,"height":200},"classes":[]},{"id":3644,"url":"https:\/\/cellerruderverein.de\/?p=3644","url_meta":{"origin":1208,"position":5},"title":"Meldeergebnis 63. Celler Ruderregatta","author":"Admin","date":"24. September 2021","format":false,"excerpt":"Liebe Ruderkameradinnen und Ruderkameraden,\u00a0 f\u00fcr Ihre Meldungen zur 63. Celler Ruderregatta am 2. Oktober 2021 sagen wir herzlichen Dank. Auch wenn die Zahl der gemeldeten Boote deutlich niedriger ausf\u00e4llt als in den vergangenen Jahren, haben wir uns entschieden, die Veranstaltung durchzuf\u00fchren. Und wir versichern wir Ihnen und Euch, dass wir\u2026","rel":"","context":"In &quot;Celler Regatta&quot;","block_context":{"text":"Celler Regatta","link":"https:\/\/cellerruderverein.de\/?cat=6"},"img":{"alt_text":"","src":"","width":0,"height":0},"classes":[]}],"jetpack_sharing_enabled":true,"jetpack_shortlink":"https:\/\/wp.me\/p3cUVs-ju","jetpack_likes_enabled":false,"_links":{"self":[{"href":"https:\/\/cellerruderverein.de\/index.php?rest_route=\/wp\/v2\/posts\/1208","targetHints":{"allow":["GET"]}}],"collection":[{"href":"https:\/\/cellerruderverein.de\/index.php?rest_route=\/wp\/v2\/posts"}],"about":[{"href":"https:\/\/cellerruderverein.de\/index.php?rest_route=\/wp\/v2\/types\/post"}],"author":[{"embeddable":true,"href":"https:\/\/cellerruderverein.de\/index.php?rest_route=\/wp\/v2\/users\/1"}],"replies":[{"embeddable":true,"href":"https:\/\/cellerruderverein.de\/index.php?rest_route=%2Fwp%2Fv2%2Fcomments&post=1208"}],"version-history":[{"count":1,"href":"https:\/\/cellerruderverein.de\/index.php?rest_route=\/wp\/v2\/posts\/1208\/revisions"}],"predecessor-version":[{"id":1210,"href":"https:\/\/cellerruderverein.de\/index.php?rest_route=\/wp\/v2\/posts\/1208\/revisions\/1210"}],"wp:attachment":[{"href":"https:\/\/cellerruderverein.de\/index.php?rest_route=%2Fwp%2Fv2%2Fmedia&parent=1208"}],"wp:term":[{"taxonomy":"category","embeddable":true,"href":"https:\/\/cellerruderverein.de\/index.php?rest_route=%2Fwp%2Fv2%2Fcategories&post=1208"},{"taxonomy":"post_tag","embeddable":true,"href":"https:\/\/cellerruderverein.de\/index.php?rest_route=%2Fwp%2Fv2%2Ftags&post=1208"}],"curies":[{"name":"wp","href":"https:\/\/api.w.org\/{rel}","templated":true}]}}