{"id":1410,"date":"2016-07-14T22:49:57","date_gmt":"2016-07-14T20:49:57","guid":{"rendered":"http:\/\/cellerruderverein.de\/?p=1410"},"modified":"2016-10-05T15:44:52","modified_gmt":"2016-10-05T13:44:52","slug":"titel-erfolgreich-verteidigt-patrick-leineweber-ist-studenten-europameister","status":"publish","type":"post","link":"https:\/\/cellerruderverein.de\/?p=1410","title":{"rendered":"Titel erfolgreich verteidigt! Patrick Leineweber ist Studenten-Europameister"},"content":{"rendered":"<p><a href=\"https:\/\/i0.wp.com\/cellerruderverein.de\/wp-content\/uploads\/2016\/07\/WhatsApp-Image-20160714.jpeg?ssl=1\"><img data-recalc-dims=\"1\" loading=\"lazy\" decoding=\"async\" data-attachment-id=\"1411\" data-permalink=\"https:\/\/cellerruderverein.de\/?attachment_id=1411\" data-orig-file=\"https:\/\/i0.wp.com\/cellerruderverein.de\/wp-content\/uploads\/2016\/07\/WhatsApp-Image-20160714.jpeg?fit=794%2C529&amp;ssl=1\" data-orig-size=\"794,529\" data-comments-opened=\"0\" data-image-meta=\"{&quot;aperture&quot;:&quot;0&quot;,&quot;credit&quot;:&quot;&quot;,&quot;camera&quot;:&quot;&quot;,&quot;caption&quot;:&quot;&quot;,&quot;created_timestamp&quot;:&quot;0&quot;,&quot;copyright&quot;:&quot;&quot;,&quot;focal_length&quot;:&quot;0&quot;,&quot;iso&quot;:&quot;0&quot;,&quot;shutter_speed&quot;:&quot;0&quot;,&quot;title&quot;:&quot;&quot;,&quot;orientation&quot;:&quot;1&quot;}\" data-image-title=\"WhatsApp-Image-20160714\" data-image-description=\"\" data-image-caption=\"\" data-large-file=\"https:\/\/i0.wp.com\/cellerruderverein.de\/wp-content\/uploads\/2016\/07\/WhatsApp-Image-20160714.jpeg?fit=794%2C529&amp;ssl=1\" class=\"alignleft size-thumbnail wp-image-1411\" src=\"https:\/\/i0.wp.com\/cellerruderverein.de\/wp-content\/uploads\/2016\/07\/WhatsApp-Image-20160714.jpeg?resize=150%2C100&#038;ssl=1\" alt=\"WhatsApp-Image-20160714\" width=\"150\" height=\"100\" srcset=\"https:\/\/i0.wp.com\/cellerruderverein.de\/wp-content\/uploads\/2016\/07\/WhatsApp-Image-20160714.jpeg?resize=150%2C100&amp;ssl=1 150w, https:\/\/i0.wp.com\/cellerruderverein.de\/wp-content\/uploads\/2016\/07\/WhatsApp-Image-20160714.jpeg?resize=300%2C200&amp;ssl=1 300w, https:\/\/i0.wp.com\/cellerruderverein.de\/wp-content\/uploads\/2016\/07\/WhatsApp-Image-20160714.jpeg?resize=768%2C512&amp;ssl=1 768w, https:\/\/i0.wp.com\/cellerruderverein.de\/wp-content\/uploads\/2016\/07\/WhatsApp-Image-20160714.jpeg?w=794&amp;ssl=1 794w\" sizes=\"auto, (max-width: 150px) 100vw, 150px\" \/><\/a>Bei den Studenten-Europameisterschaften in Zagreb ist Patrick Leineweber die Titelverteidigung im M\u00e4nner-Einer gelungen. Mit souver\u00e4nen Siegen im Vorlauf und Halbfinale hatte er sich f\u00fcr den Endlauf qualifiziert. Im Finale setzte er sich in einem hochklassigen Rennen mit einem Start-Ziel-Sieg gegen die Konkurrenz durch und darf sich nun zum zweiten Mal \u00fcber den Titel freuen. Herzlichen Gl\u00fcckwunsch!<\/p>\n","protected":false},"excerpt":{"rendered":"<p>Bei den Studenten-Europameisterschaften in Zagreb ist Patrick Leineweber die Titelverteidigung im M\u00e4nner-Einer gelungen. Mit souver\u00e4nen Siegen im Vorlauf und Halbfinale hatte er sich f\u00fcr den Endlauf qualifiziert. Im Finale setzte er sich in einem hochklassigen Rennen mit einem Start-Ziel-Sieg gegen die Konkurrenz durch und darf sich nun zum zweiten Mal \u00fcber den Titel freuen. Herzlichen Gl\u00fcckwunsch!<\/p>\n","protected":false},"author":1,"featured_media":0,"comment_status":"closed","ping_status":"closed","sticky":false,"template":"","format":"standard","meta":{"jetpack_post_was_ever_published":false,"_jetpack_newsletter_access":"","_jetpack_dont_email_post_to_subs":true,"_jetpack_newsletter_tier_id":0,"_jetpack_memberships_contains_paywalled_content":false,"_jetpack_memberships_contains_paid_content":false,"footnotes":"","jetpack_publicize_message":"","jetpack_publicize_feature_enabled":true,"jetpack_social_post_already_shared":true,"jetpack_social_options":{"image_generator_settings":{"template":"highway","default_image_id":0,"font":"","enabled":false},"version":2}},"categories":[4,3,18],"tags":[],"class_list":["post-1410","post","type-post","status-publish","format-standard","hentry","category-leistungssport","category-nachrichten","category-start"],"jetpack_publicize_connections":[],"jetpack_featured_media_url":"","jetpack-related-posts":[{"id":1208,"url":"https:\/\/cellerruderverein.de\/?p=1208","url_meta":{"origin":1410,"position":0},"title":"Patrick Leineweber ist Studenten-Europameister!","author":"Admin","date":"13. September 2015","format":false,"excerpt":"Auf dem Maschsee in Hannover fanden in den letzten Tagen die Studenten-Europameisterschaften im Rudern statt. Patrick Leinweber ging dort f\u00fcr die Leibniz-Unversit\u00e4t an den Start sicherte sich den Titel im M\u00e4nner-Einer. Im Finale, f\u00fcr das sich der Maschinenbau-Student \u00fcber Vorlauf und Halbfinale souver\u00e4n qualifiziert hatte, verwies er die Konkurrenten aus\u2026","rel":"","context":"In &quot;Leistungssport&quot;","block_context":{"text":"Leistungssport","link":"https:\/\/cellerruderverein.de\/?cat=4"},"img":{"alt_text":"Foto: ADH","src":"https:\/\/i0.wp.com\/cellerruderverein.de\/wp-content\/uploads\/2015\/09\/11958289_982690595110979_7162302005337683631_o.jpg?resize=350%2C200","width":350,"height":200},"classes":[]},{"id":464,"url":"https:\/\/cellerruderverein.de\/?p=464","url_meta":{"origin":1410,"position":1},"title":"Deutsche Kleinbootmeisterschaften in Duisburg","author":"Admin","date":"19. April 2013","format":false,"excerpt":"21.04.2013 Peter Kluge und Robin Ponte gewinnen mit einem spannenden Endspurt das C-Finale im M\u00e4nner-Zweier o. Stm. Emil Wendeler und Christian Holzapfel belegen den 2. Platz im C-Finale des Leichtgewichts-M\u00e4nner-Zweiers o. Stm. Patrick Leineweber wird Sechster im B-Finale des M\u00e4nner-Einers, kann dabei aber den Abstand auf die vor ihm platzierten\u2026","rel":"","context":"In &quot;Leistungssport&quot;","block_context":{"text":"Leistungssport","link":"https:\/\/cellerruderverein.de\/?cat=4"},"img":{"alt_text":"","src":"https:\/\/i0.wp.com\/cellerruderverein.de\/wp-content\/uploads\/2013\/04\/image-150x100.jpg?resize=350%2C200","width":350,"height":200},"classes":[]},{"id":506,"url":"https:\/\/cellerruderverein.de\/?p=506","url_meta":{"origin":1410,"position":2},"title":"Internationale H\u00fcgel-Regatta in Essen","author":"Admin","date":"11. Mai 2013","format":false,"excerpt":"Update 21:30 Uhr Bei str\u00f6mendem Regen und starken Wellen konnte Ann-Cathrin Leineweber heute einen guten vierten Platz hinter Booten aus Deutschland, der Schweiz und Polen belegen. Bei \u00e4hnlich schwierigen Bedingungen gelang es Peter Kluge\/Robin Ponte nicht an die gute Leistung aus dem Vorlauf anzukn\u00fcpfen. Daher reichte es am Ende leider\u2026","rel":"","context":"In &quot;Leistungssport&quot;","block_context":{"text":"Leistungssport","link":"https:\/\/cellerruderverein.de\/?cat=4"},"img":{"alt_text":"","src":"https:\/\/i0.wp.com\/cellerruderverein.de\/wp-content\/uploads\/2013\/05\/20130511-100843-150x100.jpg?resize=350%2C200","width":350,"height":200},"classes":[]},{"id":1130,"url":"https:\/\/cellerruderverein.de\/?p=1130","url_meta":{"origin":1410,"position":3},"title":"Platz drei und sechs beim World Cup in Bled","author":"Admin","date":"10. Mai 2015","format":false,"excerpt":"Mit einem dritten Platz im M\u00e4nner-Achter und dem sechsten Platz im M\u00e4nner-Doppelzweier treten Peter Kluge und Patrick Leineweber die Heimreise vom 1. World Rowing Cup in Bled an. Peter Kluge belegte mit dem zweiten deutschen Achter in einem packenden Rennen den dritten Platz hinter dem Sieger Deutschland 1 und Polen,\u2026","rel":"","context":"In &quot;Leistungssport&quot;","block_context":{"text":"Leistungssport","link":"https:\/\/cellerruderverein.de\/?cat=4"},"img":{"alt_text":"Patrick Leineweber, Lars Hartig Foto: Deutscher Ruderverband\/Seyb, www.rudern.de","src":"https:\/\/i0.wp.com\/cellerruderverein.de\/wp-content\/uploads\/2015\/05\/samstag-3755-150x100.jpg?resize=350%2C200","width":350,"height":200},"classes":[]},{"id":120,"url":"https:\/\/cellerruderverein.de\/?p=120","url_meta":{"origin":1410,"position":4},"title":"Gold und Silber in Hamburg","author":"Admin","date":"29. September 2012","format":false,"excerpt":"Am ersten Wettkampftag der Norddeutschen Meisterschaften in Hamburg konnten unsere Aktiven gleich zwei Medaillen f\u00fcr den CRV erk\u00e4mpfen. Patrick Leineweber siegte im M\u00e4nner-Einer, seine Schwester Ann-Cathrin belegte im Finale des Juniorinnen-Einers den zweiten Platz und sicherte sich somit die Silbermedaille. Am Sonntag konnten Patrick Leineweber und Peter Kluge mit einem\u2026","rel":"","context":"In &quot;Leistungssport&quot;","block_context":{"text":"Leistungssport","link":"https:\/\/cellerruderverein.de\/?cat=4"},"img":{"alt_text":"","src":"","width":0,"height":0},"classes":[]},{"id":1189,"url":"https:\/\/cellerruderverein.de\/?p=1189","url_meta":{"origin":1410,"position":5},"title":"Kluge und Leineweber freuen sich auf Ruder-WM","author":"Admin","date":"28. August 2015","format":false,"excerpt":"Am Sonntag beginnen in Aiguebelette \/ Frankreich die Weltmeisterschaften im Rudern. Mit dabei sind auch unsere beiden Spitzenathleten Peter Kluge und Patrick Leineweber. Peter Kluge wird zusammen mit Alexander Egler (DRC Hannover) im M\u00e4nner-Zweier o. Stm. starten und um die Olympiaqualifikation f\u00fcr den Deutschen Ruderverband in dieser Bootsklasse k\u00e4mpfen. Patrick\u2026","rel":"","context":"In &quot;Nachrichten&quot;","block_context":{"text":"Nachrichten","link":"https:\/\/cellerruderverein.de\/?cat=3"},"img":{"alt_text":"Aiguebelette_Worlds_FINAL_web","src":"https:\/\/i0.wp.com\/cellerruderverein.de\/wp-content\/uploads\/2015\/08\/Aiguebelette_Worlds_FINAL_web.jpg?resize=350%2C200","width":350,"height":200},"classes":[]}],"jetpack_sharing_enabled":true,"jetpack_shortlink":"https:\/\/wp.me\/p3cUVs-mK","jetpack_likes_enabled":false,"_links":{"self":[{"href":"https:\/\/cellerruderverein.de\/index.php?rest_route=\/wp\/v2\/posts\/1410","targetHints":{"allow":["GET"]}}],"collection":[{"href":"https:\/\/cellerruderverein.de\/index.php?rest_route=\/wp\/v2\/posts"}],"about":[{"href":"https:\/\/cellerruderverein.de\/index.php?rest_route=\/wp\/v2\/types\/post"}],"author":[{"embeddable":true,"href":"https:\/\/cellerruderverein.de\/index.php?rest_route=\/wp\/v2\/users\/1"}],"replies":[{"embeddable":true,"href":"https:\/\/cellerruderverein.de\/index.php?rest_route=%2Fwp%2Fv2%2Fcomments&post=1410"}],"version-history":[{"count":1,"href":"https:\/\/cellerruderverein.de\/index.php?rest_route=\/wp\/v2\/posts\/1410\/revisions"}],"predecessor-version":[{"id":1412,"href":"https:\/\/cellerruderverein.de\/index.php?rest_route=\/wp\/v2\/posts\/1410\/revisions\/1412"}],"wp:attachment":[{"href":"https:\/\/cellerruderverein.de\/index.php?rest_route=%2Fwp%2Fv2%2Fmedia&parent=1410"}],"wp:term":[{"taxonomy":"category","embeddable":true,"href":"https:\/\/cellerruderverein.de\/index.php?rest_route=%2Fwp%2Fv2%2Fcategories&post=1410"},{"taxonomy":"post_tag","embeddable":true,"href":"https:\/\/cellerruderverein.de\/index.php?rest_route=%2Fwp%2Fv2%2Ftags&post=1410"}],"curies":[{"name":"wp","href":"https:\/\/api.w.org\/{rel}","templated":true}]}}