{"id":1516,"date":"2017-02-10T19:17:22","date_gmt":"2017-02-10T18:17:22","guid":{"rendered":"http:\/\/cellerruderverein.de\/?p=1516"},"modified":"2017-02-23T17:12:55","modified_gmt":"2017-02-23T16:12:55","slug":"ruder-gala-ball-2017-am-18-11-2017","status":"publish","type":"post","link":"https:\/\/cellerruderverein.de\/?p=1516","title":{"rendered":"Ruder-Gala-Ball 2017 am 18.02.2017"},"content":{"rendered":"<p><a href=\"https:\/\/i0.wp.com\/cellerruderverein.de\/wp-content\/uploads\/2016\/04\/Einladung-2016-Postkarte.jpg?ssl=1\"><img data-recalc-dims=\"1\" loading=\"lazy\" decoding=\"async\" data-attachment-id=\"1358\" data-permalink=\"https:\/\/cellerruderverein.de\/?attachment_id=1358\" data-orig-file=\"https:\/\/i0.wp.com\/cellerruderverein.de\/wp-content\/uploads\/2016\/04\/Einladung-2016-Postkarte.jpg?fit=879%2C631&amp;ssl=1\" data-orig-size=\"879,631\" data-comments-opened=\"0\" data-image-meta=\"{&quot;aperture&quot;:&quot;0&quot;,&quot;credit&quot;:&quot;&quot;,&quot;camera&quot;:&quot;&quot;,&quot;caption&quot;:&quot;&quot;,&quot;created_timestamp&quot;:&quot;0&quot;,&quot;copyright&quot;:&quot;&quot;,&quot;focal_length&quot;:&quot;0&quot;,&quot;iso&quot;:&quot;0&quot;,&quot;shutter_speed&quot;:&quot;0&quot;,&quot;title&quot;:&quot;&quot;,&quot;orientation&quot;:&quot;0&quot;}\" data-image-title=\"Einladung 2016 Postkarte\" data-image-description=\"\" data-image-caption=\"\" data-large-file=\"https:\/\/i0.wp.com\/cellerruderverein.de\/wp-content\/uploads\/2016\/04\/Einladung-2016-Postkarte.jpg?fit=800%2C574&amp;ssl=1\" class=\" wp-image-1358 alignleft\" src=\"https:\/\/i0.wp.com\/cellerruderverein.de\/wp-content\/uploads\/2016\/04\/Einladung-2016-Postkarte.jpg?resize=134%2C96&#038;ssl=1\" alt=\"\" width=\"134\" height=\"96\" srcset=\"https:\/\/i0.wp.com\/cellerruderverein.de\/wp-content\/uploads\/2016\/04\/Einladung-2016-Postkarte.jpg?resize=300%2C215&amp;ssl=1 300w, https:\/\/i0.wp.com\/cellerruderverein.de\/wp-content\/uploads\/2016\/04\/Einladung-2016-Postkarte.jpg?resize=768%2C551&amp;ssl=1 768w, https:\/\/i0.wp.com\/cellerruderverein.de\/wp-content\/uploads\/2016\/04\/Einladung-2016-Postkarte.jpg?resize=150%2C108&amp;ssl=1 150w, https:\/\/i0.wp.com\/cellerruderverein.de\/wp-content\/uploads\/2016\/04\/Einladung-2016-Postkarte.jpg?w=879&amp;ssl=1 879w\" sizes=\"auto, (max-width: 134px) 100vw, 134px\" \/><\/a>Die Vorbereitungen f\u00fcr den Jubil\u00e4umsball des Celler RV laufen auf Hochtouren. Zahlreiche G\u00e4ste, Freunde und Mitglieder des Vereins haben sich angemeldet und freuen sich mit uns auf eine rauschende Ballnacht mit der Band &#8222;Deep Passion&#8220;. Der Einlass ist ab 19:00 Uhr, der Ball beginnt um 19:30 Uhr im Gro\u00dfen Saal der Congress Union Celle.<\/p>\n<p>&nbsp;<\/p>\n<p>&nbsp;<\/p>\n","protected":false},"excerpt":{"rendered":"<p>Die Vorbereitungen f\u00fcr den Jubil\u00e4umsball des Celler RV laufen auf Hochtouren. Zahlreiche G\u00e4ste, Freunde und Mitglieder des Vereins haben sich angemeldet und freuen sich mit uns auf eine rauschende Ballnacht mit der Band &#8222;Deep Passion&#8220;. Der Einlass ist ab 19:00 Uhr, der Ball beginnt um 19:30 Uhr im Gro\u00dfen Saal der Congress Union Celle. &nbsp; &nbsp;<\/p>\n","protected":false},"author":1,"featured_media":0,"comment_status":"closed","ping_status":"closed","sticky":false,"template":"","format":"standard","meta":{"jetpack_post_was_ever_published":false,"_jetpack_newsletter_access":"","_jetpack_dont_email_post_to_subs":true,"_jetpack_newsletter_tier_id":0,"_jetpack_memberships_contains_paywalled_content":false,"_jetpack_memberships_contains_paid_content":false,"footnotes":"","jetpack_publicize_message":"","jetpack_publicize_feature_enabled":true,"jetpack_social_post_already_shared":true,"jetpack_social_options":{"image_generator_settings":{"template":"highway","default_image_id":0,"font":"","enabled":false},"version":2}},"categories":[5],"tags":[],"class_list":["post-1516","post","type-post","status-publish","format-standard","hentry","category-allgemein"],"jetpack_publicize_connections":[],"jetpack_featured_media_url":"","jetpack-related-posts":[{"id":878,"url":"https:\/\/cellerruderverein.de\/?p=878","url_meta":{"origin":1516,"position":0},"title":"Ruder-Gala-Ball 2014","author":"Admin","date":"7. Januar 2014","format":false,"excerpt":"Erinnerung f\u00fcr alle Mitglieder, Freunde und G\u00f6nner vom Celler Ruderverein! Haben Sie sich den Ruder-Gala-Ball 2014 am 01.02.2014 bereits in Ihrem Terminkalender eingetragen? In der letzten Vereinsmitteilung wurde bereits auf das gesellschaftliche Ereignis aus Ruderersicht hingewiesen. Seit Mitte November 2013 sind die Einladungen zu diesem Event an alle Vergn\u00fcgungss\u00fcchtigen verschickt.\u2026","rel":"","context":"In &quot;Allgemein&quot;","block_context":{"text":"Allgemein","link":"https:\/\/cellerruderverein.de\/?cat=5"},"img":{"alt_text":"","src":"","width":0,"height":0},"classes":[]},{"id":2174,"url":"https:\/\/cellerruderverein.de\/?p=2174","url_meta":{"origin":1516,"position":1},"title":"Landpartie-Radtour des NDR startet am Celler RV","author":"Admin","date":"21. Mai 2017","format":false,"excerpt":"Traditionell wurde das Landpartie-Fest am Sonnabend mit einer Radtour er\u00f6ffnet. Alle Mitradler trafen sich mit ihrem Fahrrad bereits um 8 Uhr auf dem Gel\u00e4nde des Celler Rudervereins, der sogenannten Ziegeninsel. Um 9 Uhr ging es, angef\u00fchrt von Heike G\u00f6tz, Celles Oberb\u00fcrgermeister Dr. J\u00f6rg Nigge und dem nieders\u00e4chsischen Landwirtschaftsminister Christian Meyer\u2026","rel":"","context":"In &quot;Allgemein&quot;","block_context":{"text":"Allgemein","link":"https:\/\/cellerruderverein.de\/?cat=5"},"img":{"alt_text":"","src":"https:\/\/i0.wp.com\/cellerruderverein.de\/wp-content\/uploads\/2017\/05\/20170520-Landpartie-G%C3%B6tze-CRV-300x169.jpg?resize=350%2C200","width":350,"height":200},"classes":[]},{"id":3042,"url":"https:\/\/cellerruderverein.de\/?p=3042","url_meta":{"origin":1516,"position":2},"title":"Junioren-WM in Tokio","author":"Admin","date":"7. August 2019","format":false,"excerpt":"Seit heute finden in Tokyo die Junioren-Weltmeisterschaften im Rudern statt. Ein Jahr vor den Olympischen Spielen dient die Veranstaltung als Test f\u00fcr die olympische Regatta und liefert den Veranstaltern und den nationalen Verb\u00e4nden wertvolle Erkenntnisse \u00fcber die Bedingungen und Abl\u00e4ufe vor Ort, um eine optimale Vorbereitung auf die Spiele zu\u2026","rel":"","context":"In &quot;Leistungssport&quot;","block_context":{"text":"Leistungssport","link":"https:\/\/cellerruderverein.de\/?cat=4"},"img":{"alt_text":"","src":"https:\/\/i0.wp.com\/cellerruderverein.de\/wp-content\/uploads\/2019\/08\/190715-ber-jw2-_roebbeckestina-fotochristianschwier-07.jpg?resize=350%2C200","width":350,"height":200},"classes":[]},{"id":506,"url":"https:\/\/cellerruderverein.de\/?p=506","url_meta":{"origin":1516,"position":3},"title":"Internationale H\u00fcgel-Regatta in Essen","author":"Admin","date":"11. Mai 2013","format":false,"excerpt":"Update 21:30 Uhr Bei str\u00f6mendem Regen und starken Wellen konnte Ann-Cathrin Leineweber heute einen guten vierten Platz hinter Booten aus Deutschland, der Schweiz und Polen belegen. Bei \u00e4hnlich schwierigen Bedingungen gelang es Peter Kluge\/Robin Ponte nicht an die gute Leistung aus dem Vorlauf anzukn\u00fcpfen. Daher reichte es am Ende leider\u2026","rel":"","context":"In &quot;Leistungssport&quot;","block_context":{"text":"Leistungssport","link":"https:\/\/cellerruderverein.de\/?cat=4"},"img":{"alt_text":"","src":"https:\/\/i0.wp.com\/cellerruderverein.de\/wp-content\/uploads\/2013\/05\/20130511-100843-150x100.jpg?resize=350%2C200","width":350,"height":200},"classes":[]},{"id":3644,"url":"https:\/\/cellerruderverein.de\/?p=3644","url_meta":{"origin":1516,"position":4},"title":"Meldeergebnis 63. Celler Ruderregatta","author":"Admin","date":"24. September 2021","format":false,"excerpt":"Liebe Ruderkameradinnen und Ruderkameraden,\u00a0 f\u00fcr Ihre Meldungen zur 63. Celler Ruderregatta am 2. Oktober 2021 sagen wir herzlichen Dank. Auch wenn die Zahl der gemeldeten Boote deutlich niedriger ausf\u00e4llt als in den vergangenen Jahren, haben wir uns entschieden, die Veranstaltung durchzuf\u00fchren. Und wir versichern wir Ihnen und Euch, dass wir\u2026","rel":"","context":"In &quot;Celler Regatta&quot;","block_context":{"text":"Celler Regatta","link":"https:\/\/cellerruderverein.de\/?cat=6"},"img":{"alt_text":"","src":"","width":0,"height":0},"classes":[]},{"id":464,"url":"https:\/\/cellerruderverein.de\/?p=464","url_meta":{"origin":1516,"position":5},"title":"Deutsche Kleinbootmeisterschaften in Duisburg","author":"Admin","date":"19. April 2013","format":false,"excerpt":"21.04.2013 Peter Kluge und Robin Ponte gewinnen mit einem spannenden Endspurt das C-Finale im M\u00e4nner-Zweier o. Stm. Emil Wendeler und Christian Holzapfel belegen den 2. Platz im C-Finale des Leichtgewichts-M\u00e4nner-Zweiers o. Stm. Patrick Leineweber wird Sechster im B-Finale des M\u00e4nner-Einers, kann dabei aber den Abstand auf die vor ihm platzierten\u2026","rel":"","context":"In &quot;Leistungssport&quot;","block_context":{"text":"Leistungssport","link":"https:\/\/cellerruderverein.de\/?cat=4"},"img":{"alt_text":"","src":"https:\/\/i0.wp.com\/cellerruderverein.de\/wp-content\/uploads\/2013\/04\/image-150x100.jpg?resize=350%2C200","width":350,"height":200},"classes":[]}],"jetpack_sharing_enabled":true,"jetpack_shortlink":"https:\/\/wp.me\/p3cUVs-os","jetpack_likes_enabled":false,"_links":{"self":[{"href":"https:\/\/cellerruderverein.de\/index.php?rest_route=\/wp\/v2\/posts\/1516","targetHints":{"allow":["GET"]}}],"collection":[{"href":"https:\/\/cellerruderverein.de\/index.php?rest_route=\/wp\/v2\/posts"}],"about":[{"href":"https:\/\/cellerruderverein.de\/index.php?rest_route=\/wp\/v2\/types\/post"}],"author":[{"embeddable":true,"href":"https:\/\/cellerruderverein.de\/index.php?rest_route=\/wp\/v2\/users\/1"}],"replies":[{"embeddable":true,"href":"https:\/\/cellerruderverein.de\/index.php?rest_route=%2Fwp%2Fv2%2Fcomments&post=1516"}],"version-history":[{"count":2,"href":"https:\/\/cellerruderverein.de\/index.php?rest_route=\/wp\/v2\/posts\/1516\/revisions"}],"predecessor-version":[{"id":1518,"href":"https:\/\/cellerruderverein.de\/index.php?rest_route=\/wp\/v2\/posts\/1516\/revisions\/1518"}],"wp:attachment":[{"href":"https:\/\/cellerruderverein.de\/index.php?rest_route=%2Fwp%2Fv2%2Fmedia&parent=1516"}],"wp:term":[{"taxonomy":"category","embeddable":true,"href":"https:\/\/cellerruderverein.de\/index.php?rest_route=%2Fwp%2Fv2%2Fcategories&post=1516"},{"taxonomy":"post_tag","embeddable":true,"href":"https:\/\/cellerruderverein.de\/index.php?rest_route=%2Fwp%2Fv2%2Ftags&post=1516"}],"curies":[{"name":"wp","href":"https:\/\/api.w.org\/{rel}","templated":true}]}}