{"id":181,"date":"2012-12-02T20:23:07","date_gmt":"2012-12-02T19:23:07","guid":{"rendered":"http:\/\/cellerruderverein.de\/?p=181"},"modified":"2012-12-02T20:23:55","modified_gmt":"2012-12-02T19:23:55","slug":"licht-und-schatten-in-dortmund","status":"publish","type":"post","link":"https:\/\/cellerruderverein.de\/?p=181","title":{"rendered":"Licht und Schatten in Dortmund"},"content":{"rendered":"<p>Unsere Leistungstr\u00e4ger Peter Kluge und Patrick Leineweber konnten gestern auch in Dortmund \u00fcberzeugen. In Abwesenheit der meisten Olympiastarter konnte Peter Kluge zusammen mit Milan Dzambasevic (DRC Hannover) einen guten f\u00fcnften Platz im M\u00e4nner-Zweier o. Stm. erk\u00e4mpfen. Auch Patrick Leineweber \u00fcberzeugte mit dem sechsten Platz im M\u00e4nner-Einer, in dem die meisten Olympiateilnehmer vertreten waren.<br \/>\nDominic Imort startete ebenfalls im M\u00e4nner-Einer und erreichte einen respektablen 14. Platz. Weniger gut lief es f\u00fcr Emil Wendeler und Christian Holzapfel (ARC W\u00fcrzburg) im Leichtgewichts-M\u00e4nner-Zweier o. Stm. Hier reichte es nur zum entt\u00e4uschenden 13. Platz.<br \/>\nKrankheitsbedingt kurzfristig abmelden musste Ann-Cathrin Leineweber im Leichtgewichts-Frauen-Einer.<\/p>\n","protected":false},"excerpt":{"rendered":"<p>Unsere Leistungstr\u00e4ger Peter Kluge und Patrick Leineweber konnten gestern auch in Dortmund \u00fcberzeugen. In Abwesenheit der meisten Olympiastarter konnte Peter Kluge zusammen mit Milan Dzambasevic (DRC Hannover) einen guten f\u00fcnften Platz im M\u00e4nner-Zweier o. Stm. erk\u00e4mpfen. Auch Patrick Leineweber \u00fcberzeugte mit dem sechsten Platz im M\u00e4nner-Einer, in dem die meisten Olympiateilnehmer vertreten waren. Dominic Imort startete ebenfalls im M\u00e4nner-Einer und erreichte einen respektablen 14. Platz. Weniger gut lief es f\u00fcr Emil Wendeler und Christian Holzapfel \u2026 <a class=\"continue-reading-link\" href=\"https:\/\/cellerruderverein.de\/?p=181\"> Weiterlesen <span class=\"meta-nav\">&rarr; <\/span><\/a><\/p>\n","protected":false},"author":1,"featured_media":0,"comment_status":"closed","ping_status":"closed","sticky":false,"template":"","format":"standard","meta":{"jetpack_post_was_ever_published":false,"_jetpack_newsletter_access":"","_jetpack_dont_email_post_to_subs":false,"_jetpack_newsletter_tier_id":0,"_jetpack_memberships_contains_paywalled_content":false,"_jetpack_memberships_contains_paid_content":false,"footnotes":"","jetpack_publicize_message":"","jetpack_publicize_feature_enabled":true,"jetpack_social_post_already_shared":false,"jetpack_social_options":{"image_generator_settings":{"template":"highway","default_image_id":0,"font":"","enabled":false},"version":2}},"categories":[4,3,18],"tags":[],"class_list":["post-181","post","type-post","status-publish","format-standard","hentry","category-leistungssport","category-nachrichten","category-start"],"jetpack_publicize_connections":[],"jetpack_featured_media_url":"","jetpack-related-posts":[{"id":464,"url":"https:\/\/cellerruderverein.de\/?p=464","url_meta":{"origin":181,"position":0},"title":"Deutsche Kleinbootmeisterschaften in Duisburg","author":"Admin","date":"19. April 2013","format":false,"excerpt":"21.04.2013 Peter Kluge und Robin Ponte gewinnen mit einem spannenden Endspurt das C-Finale im M\u00e4nner-Zweier o. Stm. Emil Wendeler und Christian Holzapfel belegen den 2. Platz im C-Finale des Leichtgewichts-M\u00e4nner-Zweiers o. Stm. Patrick Leineweber wird Sechster im B-Finale des M\u00e4nner-Einers, kann dabei aber den Abstand auf die vor ihm platzierten\u2026","rel":"","context":"In &quot;Leistungssport&quot;","block_context":{"text":"Leistungssport","link":"https:\/\/cellerruderverein.de\/?cat=4"},"img":{"alt_text":"","src":"https:\/\/i0.wp.com\/cellerruderverein.de\/wp-content\/uploads\/2013\/04\/image-150x100.jpg?resize=350%2C200","width":350,"height":200},"classes":[]},{"id":506,"url":"https:\/\/cellerruderverein.de\/?p=506","url_meta":{"origin":181,"position":1},"title":"Internationale H\u00fcgel-Regatta in Essen","author":"Admin","date":"11. Mai 2013","format":false,"excerpt":"Update 21:30 Uhr Bei str\u00f6mendem Regen und starken Wellen konnte Ann-Cathrin Leineweber heute einen guten vierten Platz hinter Booten aus Deutschland, der Schweiz und Polen belegen. Bei \u00e4hnlich schwierigen Bedingungen gelang es Peter Kluge\/Robin Ponte nicht an die gute Leistung aus dem Vorlauf anzukn\u00fcpfen. Daher reichte es am Ende leider\u2026","rel":"","context":"In &quot;Leistungssport&quot;","block_context":{"text":"Leistungssport","link":"https:\/\/cellerruderverein.de\/?cat=4"},"img":{"alt_text":"","src":"https:\/\/i0.wp.com\/cellerruderverein.de\/wp-content\/uploads\/2013\/05\/20130511-100843-150x100.jpg?resize=350%2C200","width":350,"height":200},"classes":[]},{"id":1189,"url":"https:\/\/cellerruderverein.de\/?p=1189","url_meta":{"origin":181,"position":2},"title":"Kluge und Leineweber freuen sich auf Ruder-WM","author":"Admin","date":"28. August 2015","format":false,"excerpt":"Am Sonntag beginnen in Aiguebelette \/ Frankreich die Weltmeisterschaften im Rudern. Mit dabei sind auch unsere beiden Spitzenathleten Peter Kluge und Patrick Leineweber. Peter Kluge wird zusammen mit Alexander Egler (DRC Hannover) im M\u00e4nner-Zweier o. Stm. starten und um die Olympiaqualifikation f\u00fcr den Deutschen Ruderverband in dieser Bootsklasse k\u00e4mpfen. Patrick\u2026","rel":"","context":"In &quot;Nachrichten&quot;","block_context":{"text":"Nachrichten","link":"https:\/\/cellerruderverein.de\/?cat=3"},"img":{"alt_text":"Aiguebelette_Worlds_FINAL_web","src":"https:\/\/i0.wp.com\/cellerruderverein.de\/wp-content\/uploads\/2015\/08\/Aiguebelette_Worlds_FINAL_web.jpg?resize=350%2C200","width":350,"height":200},"classes":[]},{"id":1200,"url":"https:\/\/cellerruderverein.de\/?p=1200","url_meta":{"origin":181,"position":3},"title":"Guter WM-Start f\u00fcr Peter Kluge und Patrick Leineweber","author":"Admin","date":"30. August 2015","format":false,"excerpt":"Peter Kluge startet mit Partner Alexander Egler gut in die WM, ein 3. Platz im Vorlauf reicht ihnen f\u00fcr den direkte Einzug ins Viertelfinale. Am Mittwoch geht es f\u00fcr Peter wieder darum unter die besten drei zu fahren und sich einen Platz im Halbfinale zu sichern. Die Daumen sind gedr\u00fcckt!\u2026","rel":"","context":"In &quot;Leistungssport&quot;","block_context":{"text":"Leistungssport","link":"https:\/\/cellerruderverein.de\/?cat=4"},"img":{"alt_text":"Aiguebelette_Worlds_FINAL_web","src":"https:\/\/i0.wp.com\/cellerruderverein.de\/wp-content\/uploads\/2015\/08\/Aiguebelette_Worlds_FINAL_web.jpg?resize=350%2C200","width":350,"height":200},"classes":[]},{"id":176,"url":"https:\/\/cellerruderverein.de\/?p=176","url_meta":{"origin":181,"position":4},"title":"Langstreckentest Dortmund","author":"Admin","date":"28. November 2012","format":false,"excerpt":"Am kommenden Samstag findet in Dortmund f\u00fcr unsere Ruderinnen und Ruderer die letzte Leistungs\u00fcberpr\u00fcfung des Jahres auf dem Wasser statt. F\u00fcr den Celler RV werden dort Ann-Cathrin Leineweber, Patrick Leineweber, Peter Kluge, Emil Wendeler und Dominic Imort im Einer bzw. Zweier o. Stm. \u00fcber die 6 km lange Wettkampfdistanz starten\u2026","rel":"","context":"In &quot;Leistungssport&quot;","block_context":{"text":"Leistungssport","link":"https:\/\/cellerruderverein.de\/?cat=4"},"img":{"alt_text":"","src":"https:\/\/i0.wp.com\/cellerruderverein.de\/wp-content\/uploads\/2012\/11\/hamburg3-150x100.jpg?resize=350%2C200","width":350,"height":200},"classes":[]},{"id":1130,"url":"https:\/\/cellerruderverein.de\/?p=1130","url_meta":{"origin":181,"position":5},"title":"Platz drei und sechs beim World Cup in Bled","author":"Admin","date":"10. Mai 2015","format":false,"excerpt":"Mit einem dritten Platz im M\u00e4nner-Achter und dem sechsten Platz im M\u00e4nner-Doppelzweier treten Peter Kluge und Patrick Leineweber die Heimreise vom 1. World Rowing Cup in Bled an. Peter Kluge belegte mit dem zweiten deutschen Achter in einem packenden Rennen den dritten Platz hinter dem Sieger Deutschland 1 und Polen,\u2026","rel":"","context":"In &quot;Leistungssport&quot;","block_context":{"text":"Leistungssport","link":"https:\/\/cellerruderverein.de\/?cat=4"},"img":{"alt_text":"Patrick Leineweber, Lars Hartig Foto: Deutscher Ruderverband\/Seyb, www.rudern.de","src":"https:\/\/i0.wp.com\/cellerruderverein.de\/wp-content\/uploads\/2015\/05\/samstag-3755-150x100.jpg?resize=350%2C200","width":350,"height":200},"classes":[]}],"jetpack_sharing_enabled":true,"jetpack_shortlink":"https:\/\/wp.me\/p3cUVs-2V","jetpack_likes_enabled":false,"_links":{"self":[{"href":"https:\/\/cellerruderverein.de\/index.php?rest_route=\/wp\/v2\/posts\/181","targetHints":{"allow":["GET"]}}],"collection":[{"href":"https:\/\/cellerruderverein.de\/index.php?rest_route=\/wp\/v2\/posts"}],"about":[{"href":"https:\/\/cellerruderverein.de\/index.php?rest_route=\/wp\/v2\/types\/post"}],"author":[{"embeddable":true,"href":"https:\/\/cellerruderverein.de\/index.php?rest_route=\/wp\/v2\/users\/1"}],"replies":[{"embeddable":true,"href":"https:\/\/cellerruderverein.de\/index.php?rest_route=%2Fwp%2Fv2%2Fcomments&post=181"}],"version-history":[{"count":3,"href":"https:\/\/cellerruderverein.de\/index.php?rest_route=\/wp\/v2\/posts\/181\/revisions"}],"predecessor-version":[{"id":188,"href":"https:\/\/cellerruderverein.de\/index.php?rest_route=\/wp\/v2\/posts\/181\/revisions\/188"}],"wp:attachment":[{"href":"https:\/\/cellerruderverein.de\/index.php?rest_route=%2Fwp%2Fv2%2Fmedia&parent=181"}],"wp:term":[{"taxonomy":"category","embeddable":true,"href":"https:\/\/cellerruderverein.de\/index.php?rest_route=%2Fwp%2Fv2%2Fcategories&post=181"},{"taxonomy":"post_tag","embeddable":true,"href":"https:\/\/cellerruderverein.de\/index.php?rest_route=%2Fwp%2Fv2%2Ftags&post=181"}],"curies":[{"name":"wp","href":"https:\/\/api.w.org\/{rel}","templated":true}]}}