{"id":250,"date":"2013-01-31T11:32:03","date_gmt":"2013-01-31T10:32:03","guid":{"rendered":"http:\/\/cellerruderverein.de\/?p=250"},"modified":"2013-01-31T12:03:08","modified_gmt":"2013-01-31T11:03:08","slug":"sportlerwahl-der-celleschen-zeitung","status":"publish","type":"post","link":"https:\/\/cellerruderverein.de\/?p=250","title":{"rendered":"Sportlerwahl der Celleschen Zeitung"},"content":{"rendered":"<p><a href=\"https:\/\/i0.wp.com\/cellerruderverein.de\/wp-content\/uploads\/2013\/01\/CZ-Sportlerwahl.jpg?ssl=1\"><img data-recalc-dims=\"1\" loading=\"lazy\" decoding=\"async\" data-attachment-id=\"255\" data-permalink=\"https:\/\/cellerruderverein.de\/?attachment_id=255\" data-orig-file=\"https:\/\/i0.wp.com\/cellerruderverein.de\/wp-content\/uploads\/2013\/01\/CZ-Sportlerwahl.jpg?fit=444%2C333&amp;ssl=1\" data-orig-size=\"444,333\" data-comments-opened=\"0\" data-image-meta=\"{&quot;aperture&quot;:&quot;0&quot;,&quot;credit&quot;:&quot;&quot;,&quot;camera&quot;:&quot;&quot;,&quot;caption&quot;:&quot;&quot;,&quot;created_timestamp&quot;:&quot;0&quot;,&quot;copyright&quot;:&quot;&quot;,&quot;focal_length&quot;:&quot;0&quot;,&quot;iso&quot;:&quot;0&quot;,&quot;shutter_speed&quot;:&quot;0&quot;,&quot;title&quot;:&quot;&quot;}\" data-image-title=\"CZ-Sportlerwahl\" data-image-description=\"\" data-image-caption=\"\" data-large-file=\"https:\/\/i0.wp.com\/cellerruderverein.de\/wp-content\/uploads\/2013\/01\/CZ-Sportlerwahl.jpg?fit=444%2C333&amp;ssl=1\" src=\"https:\/\/i0.wp.com\/cellerruderverein.de\/wp-content\/uploads\/2013\/01\/CZ-Sportlerwahl.jpg?resize=150%2C100&#038;ssl=1\" alt=\"\" title=\"CZ-Sportlerwahl\" width=\"150\" height=\"100\" class=\"alignleft size-thumbnail wp-image-255\" srcset=\"https:\/\/i0.wp.com\/cellerruderverein.de\/wp-content\/uploads\/2013\/01\/CZ-Sportlerwahl.jpg?resize=150%2C100&amp;ssl=1 150w, https:\/\/i0.wp.com\/cellerruderverein.de\/wp-content\/uploads\/2013\/01\/CZ-Sportlerwahl.jpg?zoom=2&amp;resize=150%2C100&amp;ssl=1 300w\" sizes=\"auto, (max-width: 150px) 100vw, 150px\" \/><\/a>Mit Peter Kluge und Ann-Cathrin Leineweber stehen auch in diesem Jahr wied zwei Aktive des Celler Rudervereins zur Wahl. Bis zum 12.02.2013 k\u00f6nnen Sie telefonisch Ihre Stimme f\u00fcr unsere Sportler und den Rudersport in Celle abgeben (ein Anruf aus dem Festnetz kostet 50 Cent, mit dem Handy k\u00f6nnen die Preise abweichen).<\/p>\n<p><a href=\"https:\/\/i0.wp.com\/cellerruderverein.de\/wp-content\/uploads\/2013\/01\/Peter1.jpg?ssl=1\"><img data-recalc-dims=\"1\" loading=\"lazy\" decoding=\"async\" data-attachment-id=\"253\" data-permalink=\"https:\/\/cellerruderverein.de\/?attachment_id=253\" data-orig-file=\"https:\/\/i0.wp.com\/cellerruderverein.de\/wp-content\/uploads\/2013\/01\/Peter1.jpg?fit=743%2C987&amp;ssl=1\" data-orig-size=\"743,987\" data-comments-opened=\"0\" data-image-meta=\"{&quot;aperture&quot;:&quot;0&quot;,&quot;credit&quot;:&quot;&quot;,&quot;camera&quot;:&quot;&quot;,&quot;caption&quot;:&quot;&quot;,&quot;created_timestamp&quot;:&quot;0&quot;,&quot;copyright&quot;:&quot;&quot;,&quot;focal_length&quot;:&quot;0&quot;,&quot;iso&quot;:&quot;0&quot;,&quot;shutter_speed&quot;:&quot;0&quot;,&quot;title&quot;:&quot;&quot;}\" data-image-title=\"Peter\" data-image-description=\"\" data-image-caption=\"\" data-large-file=\"https:\/\/i0.wp.com\/cellerruderverein.de\/wp-content\/uploads\/2013\/01\/Peter1.jpg?fit=743%2C987&amp;ssl=1\" class=\"alignleft  wp-image-253\" title=\"Peter\" src=\"https:\/\/i0.wp.com\/cellerruderverein.de\/wp-content\/uploads\/2013\/01\/Peter1.jpg?resize=110%2C149&#038;ssl=1\" alt=\"\" width=\"110\" height=\"149\" \/><\/a><a href=\"http:\/\/www.cellesche-zeitung.de\/S341066\/Peter%20Kluge%20-%200137-8885515-04\" target=\"_blank\">Peter Kluge<\/a> konnte im vergangenen Jahr mit dem deutschen U23-Achter die Silbermedaille bei den Weltmeisterschaften in Trakai\/Litauen erk\u00e4mpfen.<br \/>\n0137-8885515-04<\/p>\n<p><a href=\"https:\/\/i0.wp.com\/cellerruderverein.de\/wp-content\/uploads\/2013\/01\/Anni1.jpg?ssl=1\"><img data-recalc-dims=\"1\" loading=\"lazy\" decoding=\"async\" data-attachment-id=\"254\" data-permalink=\"https:\/\/cellerruderverein.de\/?attachment_id=254\" data-orig-file=\"https:\/\/i0.wp.com\/cellerruderverein.de\/wp-content\/uploads\/2013\/01\/Anni1.jpg?fit=931%2C1092&amp;ssl=1\" data-orig-size=\"931,1092\" data-comments-opened=\"0\" data-image-meta=\"{&quot;aperture&quot;:&quot;0&quot;,&quot;credit&quot;:&quot;&quot;,&quot;camera&quot;:&quot;&quot;,&quot;caption&quot;:&quot;&quot;,&quot;created_timestamp&quot;:&quot;0&quot;,&quot;copyright&quot;:&quot;&quot;,&quot;focal_length&quot;:&quot;0&quot;,&quot;iso&quot;:&quot;0&quot;,&quot;shutter_speed&quot;:&quot;0&quot;,&quot;title&quot;:&quot;&quot;}\" data-image-title=\"Anni\" data-image-description=\"\" data-image-caption=\"\" data-large-file=\"https:\/\/i0.wp.com\/cellerruderverein.de\/wp-content\/uploads\/2013\/01\/Anni1.jpg?fit=800%2C938&amp;ssl=1\" class=\"alignleft  wp-image-254\" title=\"Anni\" src=\"https:\/\/i0.wp.com\/cellerruderverein.de\/wp-content\/uploads\/2013\/01\/Anni1.jpg?resize=112%2C130&#038;ssl=1\" alt=\"\" width=\"112\" height=\"130\" srcset=\"https:\/\/i0.wp.com\/cellerruderverein.de\/wp-content\/uploads\/2013\/01\/Anni1.jpg?w=931&amp;ssl=1 931w, https:\/\/i0.wp.com\/cellerruderverein.de\/wp-content\/uploads\/2013\/01\/Anni1.jpg?resize=873%2C1024&amp;ssl=1 873w\" sizes=\"auto, (max-width: 112px) 100vw, 112px\" \/><\/a><a href=\"http:\/\/www.cellesche-zeitung.de\/S341091\/Ann-Cathrin%20Leineweber%20-%200137-8885515-15\" target=\"_blank\">Ann-Cathrin Leineweber<\/a> gewann bei den Deutschen Ergometer-Meisterschaften die Silbermedaille in der Klasse der Leichtgewichts-Juniorinnen A (17\/18 Jahre).<br \/>\n0137-8885515-15<\/p>\n<p>Weitere Informationen zu den Sportlern und zum Gewinnspiel finden Sie unter<br \/>\n<a title=\"CZ-Sportlerwahl\" href=\"http:\/\/www.czurl.de\/sportlerwahl\" target=\"_blank\">www.czurl.de\/sportlerwahl<\/a><\/p>\n","protected":false},"excerpt":{"rendered":"<p>Mit Peter Kluge und Ann-Cathrin Leineweber stehen auch in diesem Jahr wied zwei Aktive des Celler Rudervereins zur Wahl. Bis zum 12.02.2013 k\u00f6nnen Sie telefonisch Ihre Stimme f\u00fcr unsere Sportler und den Rudersport in Celle abgeben (ein Anruf aus dem Festnetz kostet 50 Cent, mit dem Handy k\u00f6nnen die Preise abweichen). Peter Kluge konnte im vergangenen Jahr mit dem deutschen U23-Achter die Silbermedaille bei den Weltmeisterschaften in Trakai\/Litauen erk\u00e4mpfen. 0137-8885515-04 Ann-Cathrin Leineweber gewann bei den \u2026 <a class=\"continue-reading-link\" href=\"https:\/\/cellerruderverein.de\/?p=250\"> Weiterlesen <span class=\"meta-nav\">&rarr; <\/span><\/a><\/p>\n","protected":false},"author":1,"featured_media":255,"comment_status":"closed","ping_status":"closed","sticky":false,"template":"","format":"standard","meta":{"jetpack_post_was_ever_published":false,"_jetpack_newsletter_access":"","_jetpack_dont_email_post_to_subs":false,"_jetpack_newsletter_tier_id":0,"_jetpack_memberships_contains_paywalled_content":false,"_jetpack_memberships_contains_paid_content":false,"footnotes":"","jetpack_publicize_message":"","jetpack_publicize_feature_enabled":true,"jetpack_social_post_already_shared":false,"jetpack_social_options":{"image_generator_settings":{"template":"highway","default_image_id":0,"font":"","enabled":false},"version":2}},"categories":[3],"tags":[],"class_list":["post-250","post","type-post","status-publish","format-standard","has-post-thumbnail","hentry","category-nachrichten"],"jetpack_publicize_connections":[],"jetpack_featured_media_url":"https:\/\/i0.wp.com\/cellerruderverein.de\/wp-content\/uploads\/2013\/01\/CZ-Sportlerwahl.jpg?fit=444%2C333&ssl=1","jetpack-related-posts":[{"id":1203,"url":"https:\/\/cellerruderverein.de\/?p=1203","url_meta":{"origin":250,"position":0},"title":"Kluge \/ Egler verpassen Halbfinale und Olympiaqualifikation","author":"Admin","date":"2. September 2015","format":false,"excerpt":"In einem spannenden Rennen verpassten Peter Kluge (Celler RV) und Alexander Egler (DRC Hannover) heute mit dem vierten Platz im Viertelfinale und einem R\u00fcckstand von 0,83 Sekunden auf Platz drei den Einzug in die Halbfinals und damit auch die M\u00f6glichkeit, den M\u00e4nner-Zweier o. Stm. f\u00fcr die Olympischen Spiele in Rio\u2026","rel":"","context":"In &quot;Leistungssport&quot;","block_context":{"text":"Leistungssport","link":"https:\/\/cellerruderverein.de\/?cat=4"},"img":{"alt_text":"Aiguebelette_Worlds_FINAL_web","src":"https:\/\/i0.wp.com\/cellerruderverein.de\/wp-content\/uploads\/2015\/08\/Aiguebelette_Worlds_FINAL_web.jpg?resize=350%2C200","width":350,"height":200},"classes":[]},{"id":1189,"url":"https:\/\/cellerruderverein.de\/?p=1189","url_meta":{"origin":250,"position":1},"title":"Kluge und Leineweber freuen sich auf Ruder-WM","author":"Admin","date":"28. August 2015","format":false,"excerpt":"Am Sonntag beginnen in Aiguebelette \/ Frankreich die Weltmeisterschaften im Rudern. Mit dabei sind auch unsere beiden Spitzenathleten Peter Kluge und Patrick Leineweber. Peter Kluge wird zusammen mit Alexander Egler (DRC Hannover) im M\u00e4nner-Zweier o. Stm. starten und um die Olympiaqualifikation f\u00fcr den Deutschen Ruderverband in dieser Bootsklasse k\u00e4mpfen. Patrick\u2026","rel":"","context":"In &quot;Nachrichten&quot;","block_context":{"text":"Nachrichten","link":"https:\/\/cellerruderverein.de\/?cat=3"},"img":{"alt_text":"Aiguebelette_Worlds_FINAL_web","src":"https:\/\/i0.wp.com\/cellerruderverein.de\/wp-content\/uploads\/2015\/08\/Aiguebelette_Worlds_FINAL_web.jpg?resize=350%2C200","width":350,"height":200},"classes":[]},{"id":464,"url":"https:\/\/cellerruderverein.de\/?p=464","url_meta":{"origin":250,"position":2},"title":"Deutsche Kleinbootmeisterschaften in Duisburg","author":"Admin","date":"19. April 2013","format":false,"excerpt":"21.04.2013 Peter Kluge und Robin Ponte gewinnen mit einem spannenden Endspurt das C-Finale im M\u00e4nner-Zweier o. Stm. Emil Wendeler und Christian Holzapfel belegen den 2. Platz im C-Finale des Leichtgewichts-M\u00e4nner-Zweiers o. Stm. Patrick Leineweber wird Sechster im B-Finale des M\u00e4nner-Einers, kann dabei aber den Abstand auf die vor ihm platzierten\u2026","rel":"","context":"In &quot;Leistungssport&quot;","block_context":{"text":"Leistungssport","link":"https:\/\/cellerruderverein.de\/?cat=4"},"img":{"alt_text":"","src":"https:\/\/i0.wp.com\/cellerruderverein.de\/wp-content\/uploads\/2013\/04\/image-150x100.jpg?resize=350%2C200","width":350,"height":200},"classes":[]},{"id":1130,"url":"https:\/\/cellerruderverein.de\/?p=1130","url_meta":{"origin":250,"position":3},"title":"Platz drei und sechs beim World Cup in Bled","author":"Admin","date":"10. Mai 2015","format":false,"excerpt":"Mit einem dritten Platz im M\u00e4nner-Achter und dem sechsten Platz im M\u00e4nner-Doppelzweier treten Peter Kluge und Patrick Leineweber die Heimreise vom 1. World Rowing Cup in Bled an. Peter Kluge belegte mit dem zweiten deutschen Achter in einem packenden Rennen den dritten Platz hinter dem Sieger Deutschland 1 und Polen,\u2026","rel":"","context":"In &quot;Leistungssport&quot;","block_context":{"text":"Leistungssport","link":"https:\/\/cellerruderverein.de\/?cat=4"},"img":{"alt_text":"Patrick Leineweber, Lars Hartig Foto: Deutscher Ruderverband\/Seyb, www.rudern.de","src":"https:\/\/i0.wp.com\/cellerruderverein.de\/wp-content\/uploads\/2015\/05\/samstag-3755-150x100.jpg?resize=350%2C200","width":350,"height":200},"classes":[]},{"id":506,"url":"https:\/\/cellerruderverein.de\/?p=506","url_meta":{"origin":250,"position":4},"title":"Internationale H\u00fcgel-Regatta in Essen","author":"Admin","date":"11. Mai 2013","format":false,"excerpt":"Update 21:30 Uhr Bei str\u00f6mendem Regen und starken Wellen konnte Ann-Cathrin Leineweber heute einen guten vierten Platz hinter Booten aus Deutschland, der Schweiz und Polen belegen. Bei \u00e4hnlich schwierigen Bedingungen gelang es Peter Kluge\/Robin Ponte nicht an die gute Leistung aus dem Vorlauf anzukn\u00fcpfen. Daher reichte es am Ende leider\u2026","rel":"","context":"In &quot;Leistungssport&quot;","block_context":{"text":"Leistungssport","link":"https:\/\/cellerruderverein.de\/?cat=4"},"img":{"alt_text":"","src":"https:\/\/i0.wp.com\/cellerruderverein.de\/wp-content\/uploads\/2013\/05\/20130511-100843-150x100.jpg?resize=350%2C200","width":350,"height":200},"classes":[]},{"id":2289,"url":"https:\/\/cellerruderverein.de\/?p=2289","url_meta":{"origin":250,"position":5},"title":"Peter Kluge ist Deutscher Meister!","author":"Admin","date":"18. Oktober 2017","format":false,"excerpt":"Am vergangenen Wochenende fanden auf dem Salzgittersee die 104. Deutschen Meisterschaften im Rudern statt. Mit dabei war auch CRV-Ruderer Peter Kluge, der in einer Renngemeinschaft im M\u00e4nner-Achter \u00fcber 1000m an den Start ging. Sowohl im Vorlauf, wie auch im Finale siegte die Mannschaft souver\u00e4n vor der Konkurrenz aus Frankfurt, Berlin,\u2026","rel":"","context":"In &quot;Leistungssport&quot;","block_context":{"text":"Leistungssport","link":"https:\/\/cellerruderverein.de\/?cat=4"},"img":{"alt_text":"","src":"https:\/\/i0.wp.com\/cellerruderverein.de\/wp-content\/uploads\/2014\/08\/Foto-216x300.jpg?resize=350%2C200","width":350,"height":200},"classes":[]}],"jetpack_sharing_enabled":true,"jetpack_shortlink":"https:\/\/wp.me\/p3cUVs-42","jetpack_likes_enabled":false,"_links":{"self":[{"href":"https:\/\/cellerruderverein.de\/index.php?rest_route=\/wp\/v2\/posts\/250","targetHints":{"allow":["GET"]}}],"collection":[{"href":"https:\/\/cellerruderverein.de\/index.php?rest_route=\/wp\/v2\/posts"}],"about":[{"href":"https:\/\/cellerruderverein.de\/index.php?rest_route=\/wp\/v2\/types\/post"}],"author":[{"embeddable":true,"href":"https:\/\/cellerruderverein.de\/index.php?rest_route=\/wp\/v2\/users\/1"}],"replies":[{"embeddable":true,"href":"https:\/\/cellerruderverein.de\/index.php?rest_route=%2Fwp%2Fv2%2Fcomments&post=250"}],"version-history":[{"count":15,"href":"https:\/\/cellerruderverein.de\/index.php?rest_route=\/wp\/v2\/posts\/250\/revisions"}],"predecessor-version":[{"id":261,"href":"https:\/\/cellerruderverein.de\/index.php?rest_route=\/wp\/v2\/posts\/250\/revisions\/261"}],"wp:featuredmedia":[{"embeddable":true,"href":"https:\/\/cellerruderverein.de\/index.php?rest_route=\/wp\/v2\/media\/255"}],"wp:attachment":[{"href":"https:\/\/cellerruderverein.de\/index.php?rest_route=%2Fwp%2Fv2%2Fmedia&parent=250"}],"wp:term":[{"taxonomy":"category","embeddable":true,"href":"https:\/\/cellerruderverein.de\/index.php?rest_route=%2Fwp%2Fv2%2Fcategories&post=250"},{"taxonomy":"post_tag","embeddable":true,"href":"https:\/\/cellerruderverein.de\/index.php?rest_route=%2Fwp%2Fv2%2Ftags&post=250"}],"curies":[{"name":"wp","href":"https:\/\/api.w.org\/{rel}","templated":true}]}}