{"id":26,"date":"2012-08-29T14:47:09","date_gmt":"2012-08-29T12:47:09","guid":{"rendered":"http:\/\/cellerruderverein.de\/?p=26"},"modified":"2012-08-29T14:47:09","modified_gmt":"2012-08-29T12:47:09","slug":"homepage-defekt","status":"publish","type":"post","link":"https:\/\/cellerruderverein.de\/?p=26","title":{"rendered":"Homepage defekt"},"content":{"rendered":"<p>Leider ist die Homepage des Celler Rudervereins defekt und steht daher nur eingeschr\u00e4nkt zur Verf\u00fcgung. Wir arbeiten an der L\u00f6sung des Problems.<\/p>\n<p>Vielen Dank f\u00fcr Ihr Verst\u00e4ndnis.<\/p>\n","protected":false},"excerpt":{"rendered":"<p>Leider ist die Homepage des Celler Rudervereins defekt und steht daher nur eingeschr\u00e4nkt zur Verf\u00fcgung. Wir arbeiten an der L\u00f6sung des Problems. Vielen Dank f\u00fcr Ihr Verst\u00e4ndnis.<\/p>\n","protected":false},"author":1,"featured_media":0,"comment_status":"open","ping_status":"open","sticky":false,"template":"","format":"standard","meta":{"jetpack_post_was_ever_published":false,"_jetpack_newsletter_access":"","_jetpack_dont_email_post_to_subs":false,"_jetpack_newsletter_tier_id":0,"_jetpack_memberships_contains_paywalled_content":false,"_jetpack_memberships_contains_paid_content":false,"footnotes":"","jetpack_publicize_message":"","jetpack_publicize_feature_enabled":true,"jetpack_social_post_already_shared":false,"jetpack_social_options":{"image_generator_settings":{"template":"highway","default_image_id":0,"font":"","enabled":false},"version":2}},"categories":[5,3],"tags":[],"class_list":["post-26","post","type-post","status-publish","format-standard","hentry","category-allgemein","category-nachrichten"],"jetpack_publicize_connections":[],"jetpack_featured_media_url":"","jetpack-related-posts":[{"id":1637,"url":"https:\/\/cellerruderverein.de\/?p=1637","url_meta":{"origin":26,"position":0},"title":"CRV-Homepage mit neuem Design","author":"Admin","date":"4. April 2017","format":false,"excerpt":"Die CRV-Homepage wurde \u00fcberarbeitet und erscheint im Jubil\u00e4umsjahr in neuem Design. Viel Spa\u00df beim St\u00f6bern :-)","rel":"","context":"In &quot;Allgemein&quot;","block_context":{"text":"Allgemein","link":"https:\/\/cellerruderverein.de\/?cat=5"},"img":{"alt_text":"","src":"https:\/\/i0.wp.com\/cellerruderverein.de\/wp-content\/uploads\/2017\/04\/IMG_0006-212x300.jpg?resize=350%2C200","width":350,"height":200},"classes":[]},{"id":281,"url":"https:\/\/cellerruderverein.de\/?p=281","url_meta":{"origin":26,"position":1},"title":"Dieter Scheerschmidt erh\u00e4lt Verdienstkreuz am Bande","author":"Admin","date":"5. Februar 2013","format":false,"excerpt":"Bundespr\u00e4sident Joachim Gauck hat dem langj\u00e4hrigen Vorsitzenden des Landesruderverbandes Niedersachsen, Dieter Scheerschmidt, das Verdienstkreuz am Bande des Verdienstordens der Bundesrepublik Deutschland verliehen. Damit wird das seit mehr als f\u00fcnf Jahrzehnten w\u00e4hrende Engagement des Cellers im Rudersports gew\u00fcrdigt. Oberb\u00fcrgermeister Dirk-Ulrich Mende h\u00e4ndigte Ehrenzeichen und Urkunde im Rahmen einer Feierstunde im Alten\u2026","rel":"","context":"In &quot;Allgemein&quot;","block_context":{"text":"Allgemein","link":"https:\/\/cellerruderverein.de\/?cat=5"},"img":{"alt_text":"","src":"https:\/\/i0.wp.com\/cellerruderverein.de\/wp-content\/uploads\/2013\/02\/image.jpg?resize=350%2C200","width":350,"height":200},"classes":[]},{"id":2629,"url":"https:\/\/cellerruderverein.de\/?p=2629","url_meta":{"origin":26,"position":2},"title":"Weinhandlung Achenbach f\u00f6rdert den Celler RV","author":"Admin","date":"15. Juni 2018","format":false,"excerpt":"F\u00f6rderung f\u00fcr den Celler Ruderverein von der Weinhandlung Achenbach Der Celler Ruderverein konnte sich j\u00fcngst \u00fcber eine gro\u00dfz\u00fcgige Spende in H\u00f6he von 500,00 EUR freuen, die bei einer symbolischen Scheck\u00fcbergabe von der Weinhandlung Achenbach durch Gudrun Reske-Achenbach und Peter Reske an den Vorsitzenden des Celler Rudervereins Ulf Kerstan \u00fcberreicht wurde.\u2026","rel":"","context":"In &quot;Allgemein&quot;","block_context":{"text":"Allgemein","link":"https:\/\/cellerruderverein.de\/?cat=5"},"img":{"alt_text":"","src":"https:\/\/i0.wp.com\/cellerruderverein.de\/wp-content\/uploads\/2018\/06\/IMG_20180514_190507-300x225.jpg?resize=350%2C200","width":350,"height":200},"classes":[]},{"id":3203,"url":"https:\/\/cellerruderverein.de\/?p=3203","url_meta":{"origin":26,"position":3},"title":"Mitglieder helfen Mitgliedern","author":"Admin","date":"20. M\u00e4rz 2020","format":false,"excerpt":"Liebe CRV-Mitglieder, besonders \u00e4ltere und kranke Menschen sollten in den n\u00e4chsten Tagen und Wochen das Haus m\u00f6glichst nicht verlassen. Damit alle Mitglieder des Vereins trotzdem versorg sind, hat sich Florian Br\u00fcsewitz bereit erkl\u00e4rt die Mitgliederhilfe zu koordinieren. J\u00fcngere Mitglieder des Vereins erledigen die Besorgungen des t\u00e4glichen Lebens f\u00fcr \u00e4ltere oder\u2026","rel":"","context":"In &quot;Allgemein&quot;","block_context":{"text":"Allgemein","link":"https:\/\/cellerruderverein.de\/?cat=5"},"img":{"alt_text":"Ein Bild, das Schild enth\u00e4lt.\n\nAutomatisch generierte Beschreibung","src":"blob:https:\/\/cellerruderverein.de\/814173cb-ae27-4f06-91c5-ff06bfc1c442","width":350,"height":200},"classes":[]},{"id":1521,"url":"https:\/\/cellerruderverein.de\/?p=1521","url_meta":{"origin":26,"position":4},"title":"Geschichte","author":"Admin","date":"23. Februar 2017","format":false,"excerpt":"Geschichte\u00a0des Celler Rudervereins e.V. Bildergalerie 1957 -2017 von Volker Wieneke Am 28. Mai 1957 wurde der Celler Ruderverein e.V. gegr\u00fcndet. Die Gr\u00fcndungsmitglieder waren Hans Stroehmer, Hansj\u00f6rg Bopp, Volker Strasser, Peter Trautvetter, Dr. Sch\u00e4licke, Rolf Spies und Detlef Sagebiel. Erster Vorsitzender war Detlef Sagebiel, Hansj\u00f6rg Bopp und Volker Strasser seine Stellvertreter.\u2026","rel":"","context":"In &quot;Allgemein&quot;","block_context":{"text":"Allgemein","link":"https:\/\/cellerruderverein.de\/?cat=5"},"img":{"alt_text":"","src":"https:\/\/i0.wp.com\/cellerruderverein.de\/wp-content\/uploads\/2012\/08\/cropped-CRV-Bild1-300x208.jpg?resize=350%2C200","width":350,"height":200},"classes":[]},{"id":464,"url":"https:\/\/cellerruderverein.de\/?p=464","url_meta":{"origin":26,"position":5},"title":"Deutsche Kleinbootmeisterschaften in Duisburg","author":"Admin","date":"19. April 2013","format":false,"excerpt":"21.04.2013 Peter Kluge und Robin Ponte gewinnen mit einem spannenden Endspurt das C-Finale im M\u00e4nner-Zweier o. Stm. Emil Wendeler und Christian Holzapfel belegen den 2. Platz im C-Finale des Leichtgewichts-M\u00e4nner-Zweiers o. Stm. Patrick Leineweber wird Sechster im B-Finale des M\u00e4nner-Einers, kann dabei aber den Abstand auf die vor ihm platzierten\u2026","rel":"","context":"In &quot;Leistungssport&quot;","block_context":{"text":"Leistungssport","link":"https:\/\/cellerruderverein.de\/?cat=4"},"img":{"alt_text":"","src":"https:\/\/i0.wp.com\/cellerruderverein.de\/wp-content\/uploads\/2013\/04\/image-150x100.jpg?resize=350%2C200","width":350,"height":200},"classes":[]}],"jetpack_sharing_enabled":true,"jetpack_shortlink":"https:\/\/wp.me\/p3cUVs-q","jetpack_likes_enabled":false,"_links":{"self":[{"href":"https:\/\/cellerruderverein.de\/index.php?rest_route=\/wp\/v2\/posts\/26","targetHints":{"allow":["GET"]}}],"collection":[{"href":"https:\/\/cellerruderverein.de\/index.php?rest_route=\/wp\/v2\/posts"}],"about":[{"href":"https:\/\/cellerruderverein.de\/index.php?rest_route=\/wp\/v2\/types\/post"}],"author":[{"embeddable":true,"href":"https:\/\/cellerruderverein.de\/index.php?rest_route=\/wp\/v2\/users\/1"}],"replies":[{"embeddable":true,"href":"https:\/\/cellerruderverein.de\/index.php?rest_route=%2Fwp%2Fv2%2Fcomments&post=26"}],"version-history":[{"count":1,"href":"https:\/\/cellerruderverein.de\/index.php?rest_route=\/wp\/v2\/posts\/26\/revisions"}],"predecessor-version":[{"id":27,"href":"https:\/\/cellerruderverein.de\/index.php?rest_route=\/wp\/v2\/posts\/26\/revisions\/27"}],"wp:attachment":[{"href":"https:\/\/cellerruderverein.de\/index.php?rest_route=%2Fwp%2Fv2%2Fmedia&parent=26"}],"wp:term":[{"taxonomy":"category","embeddable":true,"href":"https:\/\/cellerruderverein.de\/index.php?rest_route=%2Fwp%2Fv2%2Fcategories&post=26"},{"taxonomy":"post_tag","embeddable":true,"href":"https:\/\/cellerruderverein.de\/index.php?rest_route=%2Fwp%2Fv2%2Ftags&post=26"}],"curies":[{"name":"wp","href":"https:\/\/api.w.org\/{rel}","templated":true}]}}