{"id":263,"date":"2013-01-31T11:28:08","date_gmt":"2013-01-31T10:28:08","guid":{"rendered":"http:\/\/cellerruderverein.de\/?p=263"},"modified":"2013-01-31T11:28:22","modified_gmt":"2013-01-31T10:28:22","slug":"dominic-imort-gewinnt-in-kettwig","status":"publish","type":"post","link":"https:\/\/cellerruderverein.de\/?p=263","title":{"rendered":"Dominic Imort gewinnt in Kettwig"},"content":{"rendered":"<p><a href=\"https:\/\/i0.wp.com\/cellerruderverein.de\/wp-content\/uploads\/2013\/01\/DSC_5254.jpg?ssl=1\"><img data-recalc-dims=\"1\" loading=\"lazy\" decoding=\"async\" data-attachment-id=\"264\" data-permalink=\"https:\/\/cellerruderverein.de\/?attachment_id=264\" data-orig-file=\"https:\/\/i0.wp.com\/cellerruderverein.de\/wp-content\/uploads\/2013\/01\/DSC_5254-e1365105043373.jpg?fit=250%2C376&amp;ssl=1\" data-orig-size=\"250,376\" data-comments-opened=\"0\" data-image-meta=\"{&quot;aperture&quot;:&quot;6.3&quot;,&quot;credit&quot;:&quot;&quot;,&quot;camera&quot;:&quot;NIKON D70&quot;,&quot;caption&quot;:&quot;&quot;,&quot;created_timestamp&quot;:&quot;1253968177&quot;,&quot;copyright&quot;:&quot;&quot;,&quot;focal_length&quot;:&quot;75&quot;,&quot;iso&quot;:&quot;0&quot;,&quot;shutter_speed&quot;:&quot;0.00625&quot;,&quot;title&quot;:&quot;&quot;}\" data-image-title=\"DSC_5254\" data-image-description=\"\" data-image-caption=\"\" data-large-file=\"https:\/\/i0.wp.com\/cellerruderverein.de\/wp-content\/uploads\/2013\/01\/DSC_5254-e1365105043373.jpg?fit=680%2C1024&amp;ssl=1\" class=\"alignleft  wp-image-264\" title=\"DSC_5254\" src=\"https:\/\/i0.wp.com\/cellerruderverein.de\/wp-content\/uploads\/2013\/01\/DSC_5254.jpg?resize=110%2C164&#038;ssl=1\" alt=\"\" width=\"110\" height=\"164\" \/><\/a>Am Sonntag, den 27. Februar 2013 fand in Essen-Kettwig einmal mehr die deutsche Ergometerruderserie ihren Abschluss. Nach Stationen in Frankfurt, Berlin, L\u00fcbeck und Ludwigshafen bildete Essen mit den diesj\u00e4hrigen Europameisterschaften auf den Ruderergometern den Endpunkt . Im Rahmen dieser Europameisterschaften wurden auch einige Rennen der Serie ausgetragen, in denen man Deutscher Meister werden konnte, weil sie nicht zum Programm der Ergometer-EM geh\u00f6ren. CRV-Mitglied Dominic Imort, der in dieser Saison f\u00fcr den RTHC Byer Leverkusen startet, hat an der Entscheidung im Achter teilgenommen. <!--more-->Dabei fahren die acht Ruderer zeitgleich auf dem Ruderergometer eine Distanz von 350m (Sprint) \u2013 der Durchschnitt der einzelnen Ruderer ergibt die Endzeit. Die Mannschaft konnte die Siegerzeit aus dem Vorjahr um knapp eine Sekunde verbessern und so mit einer sehr starken Zeit von 54,5 Sekunden auch die Sieger der anderen Stationen, die zum Gro\u00dfteil in der Ruderbundesliga starten und damit \u00fcber hinreichend Sprinterfahrung verf\u00fcgen, mit Abstand auf die Pl\u00e4tze verweisen und den Titel des Deutschen Ruderergometermeisters mit nach Hause nehmen. Im Team aus Leverkusen waren mit Toni Seifert (Weltmeister im Deutschlandachter 2009 und 2010, Olympiafinalist 2012), Felix Drahotta (Olympiateilnehmer 2012 im Zweier) und Stephan Volkert (sechsfacher Weltmeister und zweifacher Olympiasieger) aktuelle und ehemalige Gr\u00f6\u00dfen des internationalen Rudersports vertreten.<br \/>\nHerzlichen Gl\u00fcckwunsch!<\/p>\n","protected":false},"excerpt":{"rendered":"<p>Am Sonntag, den 27. Februar 2013 fand in Essen-Kettwig einmal mehr die deutsche Ergometerruderserie ihren Abschluss. Nach Stationen in Frankfurt, Berlin, L\u00fcbeck und Ludwigshafen bildete Essen mit den diesj\u00e4hrigen Europameisterschaften auf den Ruderergometern den Endpunkt . Im Rahmen dieser Europameisterschaften wurden auch einige Rennen der Serie ausgetragen, in denen man Deutscher Meister werden konnte, weil sie nicht zum Programm der Ergometer-EM geh\u00f6ren. CRV-Mitglied Dominic Imort, der in dieser Saison f\u00fcr den RTHC Byer Leverkusen startet, \u2026 <a class=\"continue-reading-link\" href=\"https:\/\/cellerruderverein.de\/?p=263\"> Weiterlesen <span class=\"meta-nav\">&rarr; <\/span><\/a><\/p>\n","protected":false},"author":1,"featured_media":0,"comment_status":"closed","ping_status":"closed","sticky":false,"template":"","format":"standard","meta":{"jetpack_post_was_ever_published":false,"_jetpack_newsletter_access":"","_jetpack_dont_email_post_to_subs":false,"_jetpack_newsletter_tier_id":0,"_jetpack_memberships_contains_paywalled_content":false,"_jetpack_memberships_contains_paid_content":false,"footnotes":"","jetpack_publicize_message":"","jetpack_publicize_feature_enabled":true,"jetpack_social_post_already_shared":false,"jetpack_social_options":{"image_generator_settings":{"template":"highway","default_image_id":0,"font":"","enabled":false},"version":2}},"categories":[4,3],"tags":[],"class_list":["post-263","post","type-post","status-publish","format-standard","hentry","category-leistungssport","category-nachrichten"],"jetpack_publicize_connections":[],"jetpack_featured_media_url":"","jetpack-related-posts":[{"id":3534,"url":"https:\/\/cellerruderverein.de\/?p=3534","url_meta":{"origin":263,"position":0},"title":"2x Gold f\u00fcr Stina R\u00f6bbecke in Essen","author":"Admin","date":"29. Juni 2021","format":false,"excerpt":"Gold im Frauen-Vierer o. St. f\u00fcr Stina R\u00f6bbecke (links) In der letzten Woche fanden von Donnerstag bis Sonntag die Deutschen Jahrgangsmeisterschaften U17 \/ U19 \/ U23 im Rudern auf dem Baldeneysee in Essen statt. Dieser pr\u00e4sentierte sich an allen Wettkampftagen in gutem Zustand mit fairen Bedingungen und bestem Ruderwetter.Insgesamt haben\u2026","rel":"","context":"In &quot;Leistungssport&quot;","block_context":{"text":"Leistungssport","link":"https:\/\/cellerruderverein.de\/?cat=4"},"img":{"alt_text":"","src":"https:\/\/i0.wp.com\/cellerruderverein.de\/wp-content\/uploads\/2021\/06\/meinruderbild_DSC_6024_Original-redaktion.-Nutzung-_101a7554_-scaled.jpg?resize=350%2C200&ssl=1","width":350,"height":200,"srcset":"https:\/\/i0.wp.com\/cellerruderverein.de\/wp-content\/uploads\/2021\/06\/meinruderbild_DSC_6024_Original-redaktion.-Nutzung-_101a7554_-scaled.jpg?resize=350%2C200&ssl=1 1x, https:\/\/i0.wp.com\/cellerruderverein.de\/wp-content\/uploads\/2021\/06\/meinruderbild_DSC_6024_Original-redaktion.-Nutzung-_101a7554_-scaled.jpg?resize=525%2C300&ssl=1 1.5x, https:\/\/i0.wp.com\/cellerruderverein.de\/wp-content\/uploads\/2021\/06\/meinruderbild_DSC_6024_Original-redaktion.-Nutzung-_101a7554_-scaled.jpg?resize=700%2C400&ssl=1 2x, https:\/\/i0.wp.com\/cellerruderverein.de\/wp-content\/uploads\/2021\/06\/meinruderbild_DSC_6024_Original-redaktion.-Nutzung-_101a7554_-scaled.jpg?resize=1050%2C600&ssl=1 3x, https:\/\/i0.wp.com\/cellerruderverein.de\/wp-content\/uploads\/2021\/06\/meinruderbild_DSC_6024_Original-redaktion.-Nutzung-_101a7554_-scaled.jpg?resize=1400%2C800&ssl=1 4x"},"classes":[]},{"id":1012,"url":"https:\/\/cellerruderverein.de\/?p=1012","url_meta":{"origin":263,"position":1},"title":"Erfolgreiches Wochenende in Leer!","author":"Admin","date":"17. September 2014","format":false,"excerpt":"Nach einer spontanen Meldung f\u00fcr die 75. Herbstregatta in Leer machten sich die Sportler Jan Zimmermeister, Robert Leineweber und Lennart Wolff vom Celler Ruderverein mit Trainer und Betreuerin am Samstag, den 13. September auf den Weg nach Ostfriesland. Am ersten Wettkampftag h\u00e4tte das Wetter nicht besser sein k\u00f6nnen: strahlender Sonnenschein,\u2026","rel":"","context":"In &quot;Leistungssport&quot;","block_context":{"text":"Leistungssport","link":"https:\/\/cellerruderverein.de\/?cat=4"},"img":{"alt_text":"image","src":"https:\/\/i0.wp.com\/cellerruderverein.de\/wp-content\/uploads\/2014\/09\/image-150x100.jpg?resize=350%2C200","width":350,"height":200},"classes":[]},{"id":176,"url":"https:\/\/cellerruderverein.de\/?p=176","url_meta":{"origin":263,"position":2},"title":"Langstreckentest Dortmund","author":"Admin","date":"28. November 2012","format":false,"excerpt":"Am kommenden Samstag findet in Dortmund f\u00fcr unsere Ruderinnen und Ruderer die letzte Leistungs\u00fcberpr\u00fcfung des Jahres auf dem Wasser statt. F\u00fcr den Celler RV werden dort Ann-Cathrin Leineweber, Patrick Leineweber, Peter Kluge, Emil Wendeler und Dominic Imort im Einer bzw. Zweier o. Stm. \u00fcber die 6 km lange Wettkampfdistanz starten\u2026","rel":"","context":"In &quot;Leistungssport&quot;","block_context":{"text":"Leistungssport","link":"https:\/\/cellerruderverein.de\/?cat=4"},"img":{"alt_text":"","src":"https:\/\/i0.wp.com\/cellerruderverein.de\/wp-content\/uploads\/2012\/11\/hamburg3-150x100.jpg?resize=350%2C200","width":350,"height":200},"classes":[]},{"id":1521,"url":"https:\/\/cellerruderverein.de\/?p=1521","url_meta":{"origin":263,"position":3},"title":"Geschichte","author":"Admin","date":"23. Februar 2017","format":false,"excerpt":"Geschichte\u00a0des Celler Rudervereins e.V. Bildergalerie 1957 -2017 von Volker Wieneke Am 28. Mai 1957 wurde der Celler Ruderverein e.V. gegr\u00fcndet. Die Gr\u00fcndungsmitglieder waren Hans Stroehmer, Hansj\u00f6rg Bopp, Volker Strasser, Peter Trautvetter, Dr. Sch\u00e4licke, Rolf Spies und Detlef Sagebiel. Erster Vorsitzender war Detlef Sagebiel, Hansj\u00f6rg Bopp und Volker Strasser seine Stellvertreter.\u2026","rel":"","context":"In &quot;Allgemein&quot;","block_context":{"text":"Allgemein","link":"https:\/\/cellerruderverein.de\/?cat=5"},"img":{"alt_text":"","src":"https:\/\/i0.wp.com\/cellerruderverein.de\/wp-content\/uploads\/2012\/08\/cropped-CRV-Bild1-300x208.jpg?resize=350%2C200","width":350,"height":200},"classes":[]},{"id":574,"url":"https:\/\/cellerruderverein.de\/?p=574","url_meta":{"origin":263,"position":4},"title":"Vier Siege f&uuml;r den Celler RV in Ratzeburg","author":"Admin","date":"11. Juni 2013","format":false,"excerpt":"Am vergangenen Wochenende fand die traditionsreiche Ratzeburger Ruderregatta bei guten Wetter- und Windverh\u00e4ltnissen auf dem K\u00fcchensee statt. Neben den Nationalteams aus Polen und Frankreich waren auch Renngemeinschaften aus D\u00e4nemark und nat\u00fcrlich Deutschland am Start. F\u00fcr die deutschen U23-Ruderer stellte diese Regatta den letzten Test vor den Deutschen Jahrgangsmeisterschaften (20.-23.06.2013) in\u2026","rel":"","context":"In &quot;Leistungssport&quot;","block_context":{"text":"Leistungssport","link":"https:\/\/cellerruderverein.de\/?cat=4"},"img":{"alt_text":"DSC_3406","src":"https:\/\/i0.wp.com\/cellerruderverein.de\/wp-content\/uploads\/2013\/06\/DSC_3406_thumb1.jpg?resize=350%2C200","width":350,"height":200},"classes":[]},{"id":464,"url":"https:\/\/cellerruderverein.de\/?p=464","url_meta":{"origin":263,"position":5},"title":"Deutsche Kleinbootmeisterschaften in Duisburg","author":"Admin","date":"19. April 2013","format":false,"excerpt":"21.04.2013 Peter Kluge und Robin Ponte gewinnen mit einem spannenden Endspurt das C-Finale im M\u00e4nner-Zweier o. Stm. Emil Wendeler und Christian Holzapfel belegen den 2. Platz im C-Finale des Leichtgewichts-M\u00e4nner-Zweiers o. Stm. Patrick Leineweber wird Sechster im B-Finale des M\u00e4nner-Einers, kann dabei aber den Abstand auf die vor ihm platzierten\u2026","rel":"","context":"In &quot;Leistungssport&quot;","block_context":{"text":"Leistungssport","link":"https:\/\/cellerruderverein.de\/?cat=4"},"img":{"alt_text":"","src":"https:\/\/i0.wp.com\/cellerruderverein.de\/wp-content\/uploads\/2013\/04\/image-150x100.jpg?resize=350%2C200","width":350,"height":200},"classes":[]}],"jetpack_sharing_enabled":true,"jetpack_shortlink":"https:\/\/wp.me\/p3cUVs-4f","jetpack_likes_enabled":false,"_links":{"self":[{"href":"https:\/\/cellerruderverein.de\/index.php?rest_route=\/wp\/v2\/posts\/263","targetHints":{"allow":["GET"]}}],"collection":[{"href":"https:\/\/cellerruderverein.de\/index.php?rest_route=\/wp\/v2\/posts"}],"about":[{"href":"https:\/\/cellerruderverein.de\/index.php?rest_route=\/wp\/v2\/types\/post"}],"author":[{"embeddable":true,"href":"https:\/\/cellerruderverein.de\/index.php?rest_route=\/wp\/v2\/users\/1"}],"replies":[{"embeddable":true,"href":"https:\/\/cellerruderverein.de\/index.php?rest_route=%2Fwp%2Fv2%2Fcomments&post=263"}],"version-history":[{"count":4,"href":"https:\/\/cellerruderverein.de\/index.php?rest_route=\/wp\/v2\/posts\/263\/revisions"}],"predecessor-version":[{"id":268,"href":"https:\/\/cellerruderverein.de\/index.php?rest_route=\/wp\/v2\/posts\/263\/revisions\/268"}],"wp:attachment":[{"href":"https:\/\/cellerruderverein.de\/index.php?rest_route=%2Fwp%2Fv2%2Fmedia&parent=263"}],"wp:term":[{"taxonomy":"category","embeddable":true,"href":"https:\/\/cellerruderverein.de\/index.php?rest_route=%2Fwp%2Fv2%2Fcategories&post=263"},{"taxonomy":"post_tag","embeddable":true,"href":"https:\/\/cellerruderverein.de\/index.php?rest_route=%2Fwp%2Fv2%2Ftags&post=263"}],"curies":[{"name":"wp","href":"https:\/\/api.w.org\/{rel}","templated":true}]}}