{"id":281,"date":"2013-02-05T20:34:57","date_gmt":"2013-02-05T19:34:57","guid":{"rendered":"http:\/\/cellerruderverein.de\/?p=281"},"modified":"2013-02-05T20:48:39","modified_gmt":"2013-02-05T19:48:39","slug":"dieter-scheerschmidt-erhalt-verdienstkreuz-am-bande","status":"publish","type":"post","link":"https:\/\/cellerruderverein.de\/?p=281","title":{"rendered":"Dieter Scheerschmidt erh\u00e4lt Verdienstkreuz am Bande"},"content":{"rendered":"<p><a href=\"https:\/\/i0.wp.com\/cellerruderverein.de\/wp-content\/uploads\/2013\/02\/image.jpg?ssl=1\"><img data-recalc-dims=\"1\" loading=\"lazy\" decoding=\"async\" data-attachment-id=\"292\" data-permalink=\"https:\/\/cellerruderverein.de\/?attachment_id=292\" data-orig-file=\"https:\/\/i0.wp.com\/cellerruderverein.de\/wp-content\/uploads\/2013\/02\/image-e1365104188585.jpg?fit=400%2C533&amp;ssl=1\" data-orig-size=\"400,533\" data-comments-opened=\"0\" data-image-meta=\"{&quot;aperture&quot;:&quot;0&quot;,&quot;credit&quot;:&quot;&quot;,&quot;camera&quot;:&quot;&quot;,&quot;caption&quot;:&quot;&quot;,&quot;created_timestamp&quot;:&quot;0&quot;,&quot;copyright&quot;:&quot;&quot;,&quot;focal_length&quot;:&quot;0&quot;,&quot;iso&quot;:&quot;0&quot;,&quot;shutter_speed&quot;:&quot;0&quot;,&quot;title&quot;:&quot;&quot;}\" data-image-title=\"image\" data-image-description=\"\" data-image-caption=\"\" data-large-file=\"https:\/\/i0.wp.com\/cellerruderverein.de\/wp-content\/uploads\/2013\/02\/image-e1365104188585.jpg?fit=400%2C533&amp;ssl=1\" class=\"alignleft  wp-image-292\" title=\"image\" src=\"https:\/\/i0.wp.com\/cellerruderverein.de\/wp-content\/uploads\/2013\/02\/image.jpg?resize=150%2C200&#038;ssl=1\" alt=\"\" width=\"150\" height=\"200\" \/><\/a>Bundespr\u00e4sident Joachim Gauck hat dem langj\u00e4hrigen Vorsitzenden des Landesruderverbandes Niedersachsen, Dieter Scheerschmidt, das Verdienstkreuz am Bande des Verdienstordens der Bundesrepublik Deutschland verliehen. Damit wird das seit mehr als f\u00fcnf Jahrzehnten w\u00e4hrende Engagement des Cellers im Rudersports gew\u00fcrdigt. Oberb\u00fcrgermeister Dirk-Ulrich Mende h\u00e4ndigte Ehrenzeichen und Urkunde im Rahmen einer Feierstunde im Alten Rathaus aus.<!--more--><\/p>\n<p>Mehr als f\u00fcnf Jahrzehnte lang hat sich Scheerschmidt um den Rudersport in Celle, aber auch auf Landes- und Bundesebene verdient gemacht. Seit 1962 Mitglied des Celler Rudervereins (CRV), hat der Geehrte bis heute eine Vielzahl von ehrenamtlichen Funktionen ausgef\u00fcllt. So war er seit 1981 bis zum vergangenen Jahr ununterbrochen stellvertretender Vorsitzender des CRV und dar\u00fcber hinaus auch als Boots- und Jugendwart sowie als Trainer, dessen Aktive mehrfach Medaillen bei Deutschen Jugendmeisterschaften gewannen, aktiv. Unter seiner Regie wurden im Verein zahlreiche bauliche Ma\u00dfnahmen umgesetzt. Beispielhaft seien der Wiederaufbau des Bootshauses nach einem Brand im Jahr 1995, die Erweiterung des Geb\u00e4udes sowie die Errichtung eines Sport- und Kraftraumes zu nennen, so Oberb\u00fcrgermeister Mende in seiner Laudatio.<\/p>\n<p>Auf Landesebene stand Scheerschmidt von 1992 bis 2006 als Vorsitzender an der Spitze des Landesruderverbandes Niedersachsen, dessen Ehrenvorsitzender er im Anschluss wurde. Zuvor hatte er von 1974 bis 1981 als Landesjugendleiter die Ruderjugend Niedersachsen gef\u00fchrt und weitere vier Jahre als stellvertretender Vorsitzender des Fachverbandes gewirkt.<\/p>\n<p>Scheerschmidt, der Tr\u00e4ger der Goldenen Ehrennadel des Landessportbundes Niedersachsen und CRV-Ehrenmitglied ist, war auch auf Bundesebene als Funktion\u00e4r aktiv. So war er als Vertreter des L\u00e4nderrates unter anderem Mitglied des Ausschusses Regattawesen sowie des technischen Ausschuss des Deutschen Ruderverbandes (DRV). Au\u00dferdem machte sich der 69-J\u00e4hrige als Schiedsrichter auf zahlreichen Regatten bis hin zu Deutschen Meisterschaften, aber auch als Helfer bei Welttitelk\u00e4mpfen auf deutschem Boden einen Namen. In Celle fungiert er seit 1998 als Vorsitzender des Regattausschusses.<\/p>\n<p>Text: Ralf Leineweber<br \/>\nFoto: Gerd Schwichtenberg<\/p>\n","protected":false},"excerpt":{"rendered":"<p>Bundespr\u00e4sident Joachim Gauck hat dem langj\u00e4hrigen Vorsitzenden des Landesruderverbandes Niedersachsen, Dieter Scheerschmidt, das Verdienstkreuz am Bande des Verdienstordens der Bundesrepublik Deutschland verliehen. Damit wird das seit mehr als f\u00fcnf Jahrzehnten w\u00e4hrende Engagement des Cellers im Rudersports gew\u00fcrdigt. Oberb\u00fcrgermeister Dirk-Ulrich Mende h\u00e4ndigte Ehrenzeichen und Urkunde im Rahmen einer Feierstunde im Alten Rathaus aus.<\/p>\n","protected":false},"author":1,"featured_media":0,"comment_status":"closed","ping_status":"closed","sticky":false,"template":"","format":"standard","meta":{"jetpack_post_was_ever_published":false,"_jetpack_newsletter_access":"","_jetpack_dont_email_post_to_subs":false,"_jetpack_newsletter_tier_id":0,"_jetpack_memberships_contains_paywalled_content":false,"_jetpack_memberships_contains_paid_content":false,"footnotes":"","jetpack_publicize_message":"","jetpack_publicize_feature_enabled":true,"jetpack_social_post_already_shared":false,"jetpack_social_options":{"image_generator_settings":{"template":"highway","default_image_id":0,"font":"","enabled":false},"version":2}},"categories":[5,3,18],"tags":[],"class_list":["post-281","post","type-post","status-publish","format-standard","hentry","category-allgemein","category-nachrichten","category-start"],"jetpack_publicize_connections":[],"jetpack_featured_media_url":"","jetpack-related-posts":[{"id":3534,"url":"https:\/\/cellerruderverein.de\/?p=3534","url_meta":{"origin":281,"position":0},"title":"2x Gold f\u00fcr Stina R\u00f6bbecke in Essen","author":"Admin","date":"29. Juni 2021","format":false,"excerpt":"Gold im Frauen-Vierer o. St. f\u00fcr Stina R\u00f6bbecke (links) In der letzten Woche fanden von Donnerstag bis Sonntag die Deutschen Jahrgangsmeisterschaften U17 \/ U19 \/ U23 im Rudern auf dem Baldeneysee in Essen statt. Dieser pr\u00e4sentierte sich an allen Wettkampftagen in gutem Zustand mit fairen Bedingungen und bestem Ruderwetter.Insgesamt haben\u2026","rel":"","context":"In &quot;Leistungssport&quot;","block_context":{"text":"Leistungssport","link":"https:\/\/cellerruderverein.de\/?cat=4"},"img":{"alt_text":"","src":"https:\/\/i0.wp.com\/cellerruderverein.de\/wp-content\/uploads\/2021\/06\/meinruderbild_DSC_6024_Original-redaktion.-Nutzung-_101a7554_-scaled.jpg?resize=350%2C200&ssl=1","width":350,"height":200,"srcset":"https:\/\/i0.wp.com\/cellerruderverein.de\/wp-content\/uploads\/2021\/06\/meinruderbild_DSC_6024_Original-redaktion.-Nutzung-_101a7554_-scaled.jpg?resize=350%2C200&ssl=1 1x, https:\/\/i0.wp.com\/cellerruderverein.de\/wp-content\/uploads\/2021\/06\/meinruderbild_DSC_6024_Original-redaktion.-Nutzung-_101a7554_-scaled.jpg?resize=525%2C300&ssl=1 1.5x, https:\/\/i0.wp.com\/cellerruderverein.de\/wp-content\/uploads\/2021\/06\/meinruderbild_DSC_6024_Original-redaktion.-Nutzung-_101a7554_-scaled.jpg?resize=700%2C400&ssl=1 2x, https:\/\/i0.wp.com\/cellerruderverein.de\/wp-content\/uploads\/2021\/06\/meinruderbild_DSC_6024_Original-redaktion.-Nutzung-_101a7554_-scaled.jpg?resize=1050%2C600&ssl=1 3x, https:\/\/i0.wp.com\/cellerruderverein.de\/wp-content\/uploads\/2021\/06\/meinruderbild_DSC_6024_Original-redaktion.-Nutzung-_101a7554_-scaled.jpg?resize=1400%2C800&ssl=1 4x"},"classes":[]},{"id":2755,"url":"https:\/\/cellerruderverein.de\/?p=2755","url_meta":{"origin":281,"position":1},"title":"Gute Ergebnisse in Hildesheim","author":"Admin","date":"10. November 2018","format":false,"excerpt":"Der CRV-Nachwuchs konnte mit guten Ergebnissen beim Langstreckentest des Landesruderverbandes Niedersachsen (LRVN) in Hildesheim \u00fcberzeugen. JuniorenIm Junioren-Einer A belegte Ole Spiller in seinem ersten Jahr in der Altersklasse 17\/18 den f\u00fcnften Platz. Taake R\u00f6bbecke konnte mit einem guten zweiten Platz im Junioren-Einer B (15\/16 Jahre) punkten. Nils Schumann absolvierte seinen\u2026","rel":"","context":"In &quot;Leistungssport&quot;","block_context":{"text":"Leistungssport","link":"https:\/\/cellerruderverein.de\/?cat=4"},"img":{"alt_text":"","src":"https:\/\/i0.wp.com\/cellerruderverein.de\/wp-content\/uploads\/2018\/11\/83714958-78a8-4a51-b40f-67b1c1330cdf-2.jpg?resize=350%2C200&ssl=1","width":350,"height":200,"srcset":"https:\/\/i0.wp.com\/cellerruderverein.de\/wp-content\/uploads\/2018\/11\/83714958-78a8-4a51-b40f-67b1c1330cdf-2.jpg?resize=350%2C200&ssl=1 1x, https:\/\/i0.wp.com\/cellerruderverein.de\/wp-content\/uploads\/2018\/11\/83714958-78a8-4a51-b40f-67b1c1330cdf-2.jpg?resize=525%2C300&ssl=1 1.5x, https:\/\/i0.wp.com\/cellerruderverein.de\/wp-content\/uploads\/2018\/11\/83714958-78a8-4a51-b40f-67b1c1330cdf-2.jpg?resize=700%2C400&ssl=1 2x, https:\/\/i0.wp.com\/cellerruderverein.de\/wp-content\/uploads\/2018\/11\/83714958-78a8-4a51-b40f-67b1c1330cdf-2.jpg?resize=1050%2C600&ssl=1 3x, https:\/\/i0.wp.com\/cellerruderverein.de\/wp-content\/uploads\/2018\/11\/83714958-78a8-4a51-b40f-67b1c1330cdf-2.jpg?resize=1400%2C800&ssl=1 4x"},"classes":[]},{"id":302,"url":"https:\/\/cellerruderverein.de\/?p=302","url_meta":{"origin":281,"position":2},"title":"CRV-Ruderer im Trainingslager zur Saisonvorbereitung","author":"Admin","date":"22. Februar 2013","format":false,"excerpt":"Die Leistungstr\u00e4ger des Celler RV befinden sich seit dem 19. Februar im Trainingslager in Varese \/ Italien, um sich dort auf die Saison 2013 vorzubereiten. Die Trainingsbedingungen sind sehr gut, da der See knapp 9 Kilometer lang ist und gleich zwei Regattastrecken darin ausgelegt sind, davon eine komplett mit acht\u2026","rel":"","context":"In &quot;Leistungssport&quot;","block_context":{"text":"Leistungssport","link":"https:\/\/cellerruderverein.de\/?cat=4"},"img":{"alt_text":"","src":"https:\/\/i0.wp.com\/cellerruderverein.de\/wp-content\/uploads\/2013\/02\/image3.jpg?fit=1200%2C896&ssl=1&resize=350%2C200","width":350,"height":200,"srcset":"https:\/\/i0.wp.com\/cellerruderverein.de\/wp-content\/uploads\/2013\/02\/image3.jpg?fit=1200%2C896&ssl=1&resize=350%2C200 1x, https:\/\/i0.wp.com\/cellerruderverein.de\/wp-content\/uploads\/2013\/02\/image3.jpg?fit=1200%2C896&ssl=1&resize=525%2C300 1.5x, https:\/\/i0.wp.com\/cellerruderverein.de\/wp-content\/uploads\/2013\/02\/image3.jpg?fit=1200%2C896&ssl=1&resize=700%2C400 2x, https:\/\/i0.wp.com\/cellerruderverein.de\/wp-content\/uploads\/2013\/02\/image3.jpg?fit=1200%2C896&ssl=1&resize=1050%2C600 3x"},"classes":[]},{"id":3680,"url":"https:\/\/cellerruderverein.de\/?p=3680","url_meta":{"origin":281,"position":3},"title":"65. Deutscher Rudertag in Schweinfurt","author":"Admin","date":"17. Oktober 2021","format":false,"excerpt":"v.l.: Dr. Kathrin Thiem, Klaus Scheerschmidt, Britta Oppelt Auf dem 65. Deutschen Rudertag in Schweinfurt wurde Klaus Scheerschmidt vom Celler Ruderverein erneut als einer von drei Vereinsvertretern in den Beirat Leistungssport des Deutschen Ruderverbandes gew\u00e4hlt.Zusammen mit Dr. Kathrin Thiem (Hannoverscher RC) und Britta Oppelt (Hellas Titania Berlin) bringt er die\u2026","rel":"","context":"In &quot;Allgemein&quot;","block_context":{"text":"Allgemein","link":"https:\/\/cellerruderverein.de\/?cat=5"},"img":{"alt_text":"Dr. Kathrin Thiem, Klaus Scheerschmidt, Britta Oppelt","src":"https:\/\/i0.wp.com\/cellerruderverein.de\/wp-content\/uploads\/2021\/10\/1047D79B-13E5-4D63-8740-E6F29C56C692_1_105_c.jpeg?resize=350%2C200&ssl=1","width":350,"height":200,"srcset":"https:\/\/i0.wp.com\/cellerruderverein.de\/wp-content\/uploads\/2021\/10\/1047D79B-13E5-4D63-8740-E6F29C56C692_1_105_c.jpeg?resize=350%2C200&ssl=1 1x, https:\/\/i0.wp.com\/cellerruderverein.de\/wp-content\/uploads\/2021\/10\/1047D79B-13E5-4D63-8740-E6F29C56C692_1_105_c.jpeg?resize=525%2C300&ssl=1 1.5x, https:\/\/i0.wp.com\/cellerruderverein.de\/wp-content\/uploads\/2021\/10\/1047D79B-13E5-4D63-8740-E6F29C56C692_1_105_c.jpeg?resize=700%2C400&ssl=1 2x"},"classes":[]},{"id":3125,"url":"https:\/\/cellerruderverein.de\/?p=3125","url_meta":{"origin":281,"position":4},"title":"Eigene Mitgliedsdaten verwalten","author":"Admin","date":"12. November 2019","format":false,"excerpt":"Mitglieder des Celler Rudervereins haben die M\u00f6glichkeit, ihre eigenen Mitgliedsdaten zu verwalten und aktualisieren. Hierf\u00fcr ist eine Registrierung bei meinverein.de sowie eine Freischaltung der Zugangsdaten durch einen Vereinsadministrator notwendig.N\u00e4here Informationen dazu bekommt Ihr bei Klaus Scheerschmidt.","rel":"","context":"In &quot;Allgemein&quot;","block_context":{"text":"Allgemein","link":"https:\/\/cellerruderverein.de\/?cat=5"},"img":{"alt_text":"","src":"https:\/\/i0.wp.com\/cellerruderverein.de\/wp-content\/uploads\/2018\/04\/CRV-Logo-rund-300x300_1_full-e1540464645343.png?resize=350%2C200","width":350,"height":200},"classes":[]},{"id":3265,"url":"https:\/\/cellerruderverein.de\/?p=3265","url_meta":{"origin":281,"position":5},"title":"Besondere Auszeichnung f\u00fcr Stina R\u00f6bbecke","author":"Admin","date":"13. Juli 2020","format":false,"excerpt":"Stina R\u00f6bbecke Im Rahmen der Abitur-Entlassungsfeier der Carl-Friedrich-Gau\u00df-Schule Hemmingen in der Akademie des Sports in Hannover wurde Stina R\u00f6bbecke vom Celler Ruderverein (CRV) eine besondere Ehre zuteil. Die 19-j\u00e4hrige Abiturientin des Lotto-Sport-Internats in Hannover wurde mit dem Pierre-de-Coubertin-Preis ausgezeichnet, der seit 2007 gemeinsam vom Landessportbund Niedersachsen und dem nieders\u00e4chsischen Kultusministerium\u2026","rel":"","context":"In &quot;Allgemein&quot;","block_context":{"text":"Allgemein","link":"https:\/\/cellerruderverein.de\/?cat=5"},"img":{"alt_text":"","src":"https:\/\/i0.wp.com\/cellerruderverein.de\/wp-content\/uploads\/2020\/07\/34E3BA64-0726-4246-B347-493CA312DDF5.jpeg?resize=350%2C200&ssl=1","width":350,"height":200,"srcset":"https:\/\/i0.wp.com\/cellerruderverein.de\/wp-content\/uploads\/2020\/07\/34E3BA64-0726-4246-B347-493CA312DDF5.jpeg?resize=350%2C200&ssl=1 1x, https:\/\/i0.wp.com\/cellerruderverein.de\/wp-content\/uploads\/2020\/07\/34E3BA64-0726-4246-B347-493CA312DDF5.jpeg?resize=525%2C300&ssl=1 1.5x, https:\/\/i0.wp.com\/cellerruderverein.de\/wp-content\/uploads\/2020\/07\/34E3BA64-0726-4246-B347-493CA312DDF5.jpeg?resize=700%2C400&ssl=1 2x"},"classes":[]}],"jetpack_sharing_enabled":true,"jetpack_shortlink":"https:\/\/wp.me\/p3cUVs-4x","jetpack_likes_enabled":false,"_links":{"self":[{"href":"https:\/\/cellerruderverein.de\/index.php?rest_route=\/wp\/v2\/posts\/281","targetHints":{"allow":["GET"]}}],"collection":[{"href":"https:\/\/cellerruderverein.de\/index.php?rest_route=\/wp\/v2\/posts"}],"about":[{"href":"https:\/\/cellerruderverein.de\/index.php?rest_route=\/wp\/v2\/types\/post"}],"author":[{"embeddable":true,"href":"https:\/\/cellerruderverein.de\/index.php?rest_route=\/wp\/v2\/users\/1"}],"replies":[{"embeddable":true,"href":"https:\/\/cellerruderverein.de\/index.php?rest_route=%2Fwp%2Fv2%2Fcomments&post=281"}],"version-history":[{"count":12,"href":"https:\/\/cellerruderverein.de\/index.php?rest_route=\/wp\/v2\/posts\/281\/revisions"}],"predecessor-version":[{"id":297,"href":"https:\/\/cellerruderverein.de\/index.php?rest_route=\/wp\/v2\/posts\/281\/revisions\/297"}],"wp:attachment":[{"href":"https:\/\/cellerruderverein.de\/index.php?rest_route=%2Fwp%2Fv2%2Fmedia&parent=281"}],"wp:term":[{"taxonomy":"category","embeddable":true,"href":"https:\/\/cellerruderverein.de\/index.php?rest_route=%2Fwp%2Fv2%2Fcategories&post=281"},{"taxonomy":"post_tag","embeddable":true,"href":"https:\/\/cellerruderverein.de\/index.php?rest_route=%2Fwp%2Fv2%2Ftags&post=281"}],"curies":[{"name":"wp","href":"https:\/\/api.w.org\/{rel}","templated":true}]}}