{"id":3534,"date":"2021-06-29T13:31:09","date_gmt":"2021-06-29T11:31:09","guid":{"rendered":"https:\/\/cellerruderverein.de\/?p=3534"},"modified":"2023-12-18T16:03:45","modified_gmt":"2023-12-18T15:03:45","slug":"2x-gold-fuer-stina-roebbecke-in-essen","status":"publish","type":"post","link":"https:\/\/cellerruderverein.de\/?p=3534","title":{"rendered":"2x Gold f\u00fcr Stina R\u00f6bbecke in Essen"},"content":{"rendered":"\n<figure class=\"wp-block-image\"><a href=\"https:\/\/i0.wp.com\/cellerruderverein.de\/wp-content\/uploads\/2021\/06\/meinruderbild_DSC_6024_Original-redaktion.-Nutzung-_101a7554_-scaled.jpg?ssl=1\" target=\"_blank\" rel=\"noopener\"><img data-recalc-dims=\"1\" loading=\"lazy\" decoding=\"async\" width=\"800\" height=\"554\" data-attachment-id=\"3535\" data-permalink=\"https:\/\/cellerruderverein.de\/?attachment_id=3535\" data-orig-file=\"https:\/\/i0.wp.com\/cellerruderverein.de\/wp-content\/uploads\/2021\/06\/meinruderbild_DSC_6024_Original-redaktion.-Nutzung-_101a7554_-scaled.jpg?fit=2560%2C1771&amp;ssl=1\" data-orig-size=\"2560,1771\" data-comments-opened=\"0\" data-image-meta=\"{&quot;aperture&quot;:&quot;8&quot;,&quot;credit&quot;:&quot;&quot;,&quot;camera&quot;:&quot;NIKON D5&quot;,&quot;caption&quot;:&quot;&quot;,&quot;created_timestamp&quot;:&quot;1624709693&quot;,&quot;copyright&quot;:&quot;&quot;,&quot;focal_length&quot;:&quot;18&quot;,&quot;iso&quot;:&quot;125&quot;,&quot;shutter_speed&quot;:&quot;0.004&quot;,&quot;title&quot;:&quot;&quot;,&quot;orientation&quot;:&quot;1&quot;}\" data-image-title=\"meinruderbild_DSC_6024_Original (redaktion. Nutzung) _101a7554_\" data-image-description=\"\" data-image-caption=\"\" data-large-file=\"https:\/\/i0.wp.com\/cellerruderverein.de\/wp-content\/uploads\/2021\/06\/meinruderbild_DSC_6024_Original-redaktion.-Nutzung-_101a7554_-scaled.jpg?fit=800%2C554&amp;ssl=1\" src=\"https:\/\/i0.wp.com\/cellerruderverein.de\/wp-content\/uploads\/2021\/06\/meinruderbild_DSC_6024_Original-redaktion.-Nutzung-_101a7554_.jpg?resize=800%2C554&#038;ssl=1\" alt=\"\" class=\"wp-image-3535\" srcset=\"https:\/\/i0.wp.com\/cellerruderverein.de\/wp-content\/uploads\/2021\/06\/meinruderbild_DSC_6024_Original-redaktion.-Nutzung-_101a7554_-scaled.jpg?resize=1024%2C709&amp;ssl=1 1024w, https:\/\/i0.wp.com\/cellerruderverein.de\/wp-content\/uploads\/2021\/06\/meinruderbild_DSC_6024_Original-redaktion.-Nutzung-_101a7554_-scaled.jpg?resize=600%2C415&amp;ssl=1 600w, https:\/\/i0.wp.com\/cellerruderverein.de\/wp-content\/uploads\/2021\/06\/meinruderbild_DSC_6024_Original-redaktion.-Nutzung-_101a7554_-scaled.jpg?resize=300%2C208&amp;ssl=1 300w, https:\/\/i0.wp.com\/cellerruderverein.de\/wp-content\/uploads\/2021\/06\/meinruderbild_DSC_6024_Original-redaktion.-Nutzung-_101a7554_-scaled.jpg?resize=768%2C531&amp;ssl=1 768w, https:\/\/i0.wp.com\/cellerruderverein.de\/wp-content\/uploads\/2021\/06\/meinruderbild_DSC_6024_Original-redaktion.-Nutzung-_101a7554_-scaled.jpg?resize=1536%2C1063&amp;ssl=1 1536w, https:\/\/i0.wp.com\/cellerruderverein.de\/wp-content\/uploads\/2021\/06\/meinruderbild_DSC_6024_Original-redaktion.-Nutzung-_101a7554_-scaled.jpg?resize=2048%2C1417&amp;ssl=1 2048w, https:\/\/i0.wp.com\/cellerruderverein.de\/wp-content\/uploads\/2021\/06\/meinruderbild_DSC_6024_Original-redaktion.-Nutzung-_101a7554_-scaled.jpg?resize=150%2C104&amp;ssl=1 150w, https:\/\/i0.wp.com\/cellerruderverein.de\/wp-content\/uploads\/2021\/06\/meinruderbild_DSC_6024_Original-redaktion.-Nutzung-_101a7554_-scaled.jpg?w=1600&amp;ssl=1 1600w, https:\/\/i0.wp.com\/cellerruderverein.de\/wp-content\/uploads\/2021\/06\/meinruderbild_DSC_6024_Original-redaktion.-Nutzung-_101a7554_-scaled.jpg?w=2400&amp;ssl=1 2400w\" sizes=\"auto, (max-width: 800px) 100vw, 800px\" \/><\/a><figcaption>Gold im Frauen-Vierer o. St. f\u00fcr Stina R\u00f6bbecke (links)<\/figcaption><\/figure>\n\n\n\n<p class=\"has-text-align-justify\">In der letzten Woche fanden von Donnerstag bis Sonntag die Deutschen Jahrgangsmeisterschaften U17 \/ U19 \/ U23 im Rudern auf dem Baldeneysee in Essen statt. Dieser pr\u00e4sentierte sich an allen Wettkampftagen in gutem Zustand mit fairen Bedingungen und bestem Ruderwetter.<br \/>Insgesamt haben 165 Vereine mehr als 1300 Ruderinnen und Ruderer zu der Veranstaltung gemeldet. Die Ausrichter vom Essener Ruder Regatta Verein bew\u00e4ltigten diese Mammutaufgabe mit einem ausgekl\u00fcgelten Hygienekonzept und vielen freundlichen ehrenamtlichen Heferinnen und Helfern.<\/p>\n\n\n\n<!--more-->\n\n\n\n<p class=\"has-text-align-justify\">Dabei konnte Stina R\u00f6bbecke (CRV), die sich bereits vor drei Wochen in Ratzeburg f\u00fcr die U23-WM qualifizieren konnte, auch auf dem Baldeneysee \u00fcberzeugen und mit zwei souver\u00e4nen Siegen im Frauen-Vierer o. St. sowie im Frauen-Achter, noch einmal Motivation f\u00fcr die anstehenden Weltmeisterschaften im tschechischen Racice tanken.<br \/>In der Altersklasse U19 starteten Jana Blunck und Selina Rost (beide CRV) im Leichtgewichts-Juniorinnen-Doppelzweier A. F\u00fcr beide Ruderinnen war es ihre erste Teilnahme an einer DJM und der erste Regattastart seit 2019 \u00fcberhaupt. Dementsprechend schwer einzusch\u00e4tzen war der Leistungsstand im Vorfeld. Mit dem 3. Platz im Hoffnungslauf und dem Erreichen des Halbfinales sowie dem Umsetzen der taktischen Aufgaben in den Rennen haben beide Ruderinnen ihr Soll erf\u00fcllt und belegten am Ende den 12. Platz.<\/p>\n\n\n\n<p class=\"has-text-align-justify\">F\u00fcr die spannendsten Rennen der Regatta sorgte der Junioren-Doppelvierer m. Stm. B mit den beiden CRV-Ruderern Leo Bartels und Emil Scheerschmidt. Zusammen mit Justus Bormann (L\u00fcneburg), Ledian Djekovic (Hann. M\u00fcnden) und Stm. Maxi Baukmeyer (Hameln) hatte sich die Mannschaft mit einem souver\u00e4nen Sieg im Hoffnungslauf f\u00fcr das Halbfinale qualifiziert. In diesem passierten die Platze 2, 3 und 4 die Ziellinie innerhalb von 3\/10 Sekunden. Dabei verpasse die Mannschaft aus Niedersachsen den wichtigen 3. Platz f\u00fcr den Einzug ins A-Finale nach einem b\u00e4renstarken Endspurt um 1\/100 Sekunde.<br \/>Im B-Finale waren es dann nochmal 7\/100 Sekunden, mit der die Mannschaft von St\u00fctzpunkttrainerin Larissa Vent (L\u00fcneburg) den Sieg in diesem Rennen knapp verpasste.<\/p>\n\n\n\n<p class=\"has-text-align-justify\">Nach fast zwei Jahren Wettkampfpause waren aber alle Teilnehmer*innen gl\u00fccklich, sich wieder auf dem Wasser vergleichen zu k\u00f6nnen und haben die Veranstaltung als motivierendes Erlebnis f\u00fcr die Zukunft wahrgenommen.<\/p>\n","protected":false},"excerpt":{"rendered":"<p>In der letzten Woche fanden von Donnerstag bis Sonntag die Deutschen Jahrgangsmeisterschaften U17 \/ U19 \/ U23 im Rudern auf dem Baldeneysee in Essen statt. Dieser pr\u00e4sentierte sich an allen Wettkampftagen in gutem Zustand mit fairen Bedingungen und bestem Ruderwetter.Insgesamt haben 165 Vereine mehr als 1300 Ruderinnen und Ruderer zu der Veranstaltung gemeldet. Die Ausrichter vom Essener Ruder Regatta Verein bew\u00e4ltigten diese Mammutaufgabe mit einem ausgekl\u00fcgelten Hygienekonzept und vielen freundlichen ehrenamtlichen Heferinnen und Helfern.<\/p>\n","protected":false},"author":1,"featured_media":0,"comment_status":"closed","ping_status":"closed","sticky":false,"template":"","format":"standard","meta":{"jetpack_post_was_ever_published":false,"_jetpack_newsletter_access":"","_jetpack_dont_email_post_to_subs":false,"_jetpack_newsletter_tier_id":0,"_jetpack_memberships_contains_paywalled_content":false,"_jetpack_memberships_contains_paid_content":false,"footnotes":"","jetpack_publicize_message":"","jetpack_publicize_feature_enabled":true,"jetpack_social_post_already_shared":true,"jetpack_social_options":{"image_generator_settings":{"template":"highway","default_image_id":0,"font":"","enabled":false},"version":2}},"categories":[4,3,18],"tags":[],"class_list":["post-3534","post","type-post","status-publish","format-standard","hentry","category-leistungssport","category-nachrichten","category-start"],"jetpack_publicize_connections":[],"jetpack_featured_media_url":"","jetpack-related-posts":[{"id":3553,"url":"https:\/\/cellerruderverein.de\/?p=3553","url_meta":{"origin":3534,"position":0},"title":"Bronzemedaille f\u00fcr Stina R\u00f6bbecke","author":"Admin","date":"11. Juli 2021","format":false,"excerpt":"In einem spannenden Rennen erk\u00e4mpfte sich Stina R\u00f6bbecke vom Celler RV mit dem deutschen Frauen-Achter die Bronzemedaille bei den U23-Weltmeisterschaften im tschechischen Racice.Das deutsche Team startete mutig und konnte auf der ersten Streckenh\u00e4lfte mit den favorisierten US-Ruderinnen mithalten. Diese zeigten auf der zweiten H\u00e4lfte der 2000m-Strecke aber ihre ganze Klasse\u2026","rel":"","context":"In &quot;Leistungssport&quot;","block_context":{"text":"Leistungssport","link":"https:\/\/cellerruderverein.de\/?cat=4"},"img":{"alt_text":"","src":"https:\/\/i0.wp.com\/cellerruderverein.de\/wp-content\/uploads\/2021\/07\/meinruderbild_DSC_6108_Original-redaktion.-Nutzung-_c003ad88_-300x185.jpg?resize=350%2C200","width":350,"height":200},"classes":[]},{"id":3265,"url":"https:\/\/cellerruderverein.de\/?p=3265","url_meta":{"origin":3534,"position":1},"title":"Besondere Auszeichnung f\u00fcr Stina R\u00f6bbecke","author":"Admin","date":"13. Juli 2020","format":false,"excerpt":"Stina R\u00f6bbecke Im Rahmen der Abitur-Entlassungsfeier der Carl-Friedrich-Gau\u00df-Schule Hemmingen in der Akademie des Sports in Hannover wurde Stina R\u00f6bbecke vom Celler Ruderverein (CRV) eine besondere Ehre zuteil. Die 19-j\u00e4hrige Abiturientin des Lotto-Sport-Internats in Hannover wurde mit dem Pierre-de-Coubertin-Preis ausgezeichnet, der seit 2007 gemeinsam vom Landessportbund Niedersachsen und dem nieders\u00e4chsischen Kultusministerium\u2026","rel":"","context":"In &quot;Allgemein&quot;","block_context":{"text":"Allgemein","link":"https:\/\/cellerruderverein.de\/?cat=5"},"img":{"alt_text":"","src":"https:\/\/i0.wp.com\/cellerruderverein.de\/wp-content\/uploads\/2020\/07\/34E3BA64-0726-4246-B347-493CA312DDF5.jpeg?resize=350%2C200&ssl=1","width":350,"height":200,"srcset":"https:\/\/i0.wp.com\/cellerruderverein.de\/wp-content\/uploads\/2020\/07\/34E3BA64-0726-4246-B347-493CA312DDF5.jpeg?resize=350%2C200&ssl=1 1x, https:\/\/i0.wp.com\/cellerruderverein.de\/wp-content\/uploads\/2020\/07\/34E3BA64-0726-4246-B347-493CA312DDF5.jpeg?resize=525%2C300&ssl=1 1.5x, https:\/\/i0.wp.com\/cellerruderverein.de\/wp-content\/uploads\/2020\/07\/34E3BA64-0726-4246-B347-493CA312DDF5.jpeg?resize=700%2C400&ssl=1 2x"},"classes":[]},{"id":3042,"url":"https:\/\/cellerruderverein.de\/?p=3042","url_meta":{"origin":3534,"position":2},"title":"Junioren-WM in Tokio","author":"Admin","date":"7. August 2019","format":false,"excerpt":"Seit heute finden in Tokyo die Junioren-Weltmeisterschaften im Rudern statt. Ein Jahr vor den Olympischen Spielen dient die Veranstaltung als Test f\u00fcr die olympische Regatta und liefert den Veranstaltern und den nationalen Verb\u00e4nden wertvolle Erkenntnisse \u00fcber die Bedingungen und Abl\u00e4ufe vor Ort, um eine optimale Vorbereitung auf die Spiele zu\u2026","rel":"","context":"In &quot;Leistungssport&quot;","block_context":{"text":"Leistungssport","link":"https:\/\/cellerruderverein.de\/?cat=4"},"img":{"alt_text":"","src":"https:\/\/i0.wp.com\/cellerruderverein.de\/wp-content\/uploads\/2019\/08\/190715-ber-jw2-_roebbeckestina-fotochristianschwier-07.jpg?resize=350%2C200","width":350,"height":200},"classes":[]},{"id":1367,"url":"https:\/\/cellerruderverein.de\/?p=1367","url_meta":{"origin":3534,"position":3},"title":"Gold und Silber f\u00fcr Stina R\u00f6bbecke!","author":"Admin","date":"28. Juni 2016","format":false,"excerpt":"Stina R\u00f6bbecke (links) gewinnt bei den Deutschen Jahrgangsmeisterschaften U 17 in Hamburg die Goldmedaille im Juniorinnen-Vierer o. St. und die Silbermedaille im Juniorinnen-Doppelvierer m. St. (Foto: O. Quickert, rudern.de) Herzlichen Gl\u00fcckwunsch!Hier geht\u00b4s zum Artikel der Celleschen Zeitung.","rel":"","context":"In &quot;Leistungssport&quot;","block_context":{"text":"Leistungssport","link":"https:\/\/cellerruderverein.de\/?cat=4"},"img":{"alt_text":"","src":"https:\/\/i0.wp.com\/cellerruderverein.de\/wp-content\/uploads\/2017\/04\/1491553107_featured.jpeg?fit=450%2C300&ssl=1&resize=350%2C200","width":350,"height":200},"classes":[]},{"id":3011,"url":"https:\/\/cellerruderverein.de\/?p=3011","url_meta":{"origin":3534,"position":4},"title":"Stina R\u00f6bbecke gewinnt Silber","author":"Admin","date":"19. Mai 2019","format":false,"excerpt":"Foto: T. Rahenkamp Stina R\u00f6bbecke vom Celler Ruderverein gewinnt mit dem Juniorinnen-Achter des Deutschen Ruderverbandes die Silbermedaille bei den Junioren-Europameisterschaften auf dem Essener Baldeneysee. In einem spannenden Rennen konnte der deutsche Achter heute die Silbermedaille hinter dem russischen Boot und vor den Teams aus Tschechien, Wei\u00dfrussland, Rum\u00e4nien und Ungarn erk\u00e4mpfen.\u2026","rel":"","context":"In &quot;Leistungssport&quot;","block_context":{"text":"Leistungssport","link":"https:\/\/cellerruderverein.de\/?cat=4"},"img":{"alt_text":"","src":"https:\/\/i0.wp.com\/cellerruderverein.de\/wp-content\/uploads\/2019\/05\/WhatsApp-Image-2019-05-19-at-15.01.59.jpeg?resize=350%2C200&ssl=1","width":350,"height":200,"srcset":"https:\/\/i0.wp.com\/cellerruderverein.de\/wp-content\/uploads\/2019\/05\/WhatsApp-Image-2019-05-19-at-15.01.59.jpeg?resize=350%2C200&ssl=1 1x, https:\/\/i0.wp.com\/cellerruderverein.de\/wp-content\/uploads\/2019\/05\/WhatsApp-Image-2019-05-19-at-15.01.59.jpeg?resize=525%2C300&ssl=1 1.5x, https:\/\/i0.wp.com\/cellerruderverein.de\/wp-content\/uploads\/2019\/05\/WhatsApp-Image-2019-05-19-at-15.01.59.jpeg?resize=700%2C400&ssl=1 2x"},"classes":[]},{"id":3545,"url":"https:\/\/cellerruderverein.de\/?p=3545","url_meta":{"origin":3534,"position":5},"title":"Platz 2 im Bahnverteilungsrennen","author":"Admin","date":"8. Juli 2021","format":false,"excerpt":"Stina R\u00f6bbecke, Bild: rudern.de Heute startete der deutsche U23-Frauen-Achter mit Stina R\u00f6bbecke (CRV) an Bord im Bahnverteilungsrennen bei den U23-Weltmesieterschaften in Racice \/ Tschechien, zu dem insgesamt 6 Boote gemeldet haben. Dabei konnte das Team von Trainer Ren\u00e9 Burmeister (Rostock) den 2. Platz und damit eine Mittelbahn im Finale hinter\u2026","rel":"","context":"In &quot;Leistungssport&quot;","block_context":{"text":"Leistungssport","link":"https:\/\/cellerruderverein.de\/?cat=4"},"img":{"alt_text":"","src":"https:\/\/i0.wp.com\/cellerruderverein.de\/wp-content\/uploads\/2021\/07\/210614-rz-bw8plus_roebbeckestina-fotochristianschwier-04.jpg?resize=350%2C200&ssl=1","width":350,"height":200},"classes":[]}],"jetpack_sharing_enabled":true,"jetpack_shortlink":"https:\/\/wp.me\/p3cUVs-V0","jetpack_likes_enabled":false,"_links":{"self":[{"href":"https:\/\/cellerruderverein.de\/index.php?rest_route=\/wp\/v2\/posts\/3534","targetHints":{"allow":["GET"]}}],"collection":[{"href":"https:\/\/cellerruderverein.de\/index.php?rest_route=\/wp\/v2\/posts"}],"about":[{"href":"https:\/\/cellerruderverein.de\/index.php?rest_route=\/wp\/v2\/types\/post"}],"author":[{"embeddable":true,"href":"https:\/\/cellerruderverein.de\/index.php?rest_route=\/wp\/v2\/users\/1"}],"replies":[{"embeddable":true,"href":"https:\/\/cellerruderverein.de\/index.php?rest_route=%2Fwp%2Fv2%2Fcomments&post=3534"}],"version-history":[{"count":3,"href":"https:\/\/cellerruderverein.de\/index.php?rest_route=\/wp\/v2\/posts\/3534\/revisions"}],"predecessor-version":[{"id":3538,"href":"https:\/\/cellerruderverein.de\/index.php?rest_route=\/wp\/v2\/posts\/3534\/revisions\/3538"}],"wp:attachment":[{"href":"https:\/\/cellerruderverein.de\/index.php?rest_route=%2Fwp%2Fv2%2Fmedia&parent=3534"}],"wp:term":[{"taxonomy":"category","embeddable":true,"href":"https:\/\/cellerruderverein.de\/index.php?rest_route=%2Fwp%2Fv2%2Fcategories&post=3534"},{"taxonomy":"post_tag","embeddable":true,"href":"https:\/\/cellerruderverein.de\/index.php?rest_route=%2Fwp%2Fv2%2Ftags&post=3534"}],"curies":[{"name":"wp","href":"https:\/\/api.w.org\/{rel}","templated":true}]}}