{"id":3545,"date":"2021-07-08T14:38:34","date_gmt":"2021-07-08T12:38:34","guid":{"rendered":"https:\/\/cellerruderverein.de\/?p=3545"},"modified":"2021-09-24T16:39:37","modified_gmt":"2021-09-24T14:39:37","slug":"platz-2-im-bahnverteilungsrennen","status":"publish","type":"post","link":"https:\/\/cellerruderverein.de\/?p=3545","title":{"rendered":"Platz 2 im Bahnverteilungsrennen"},"content":{"rendered":"\n<div class=\"wp-block-columns is-layout-flex wp-container-core-columns-is-layout-9d6595d7 wp-block-columns-is-layout-flex\">\n<div class=\"wp-block-column is-layout-flow wp-block-column-is-layout-flow\" style=\"flex-basis:100%\">\n<div class=\"wp-block-image\"><figure class=\"alignleft size-large is-resized\"><img data-recalc-dims=\"1\" loading=\"lazy\" decoding=\"async\" data-attachment-id=\"3546\" data-permalink=\"https:\/\/cellerruderverein.de\/?attachment_id=3546\" data-orig-file=\"https:\/\/i0.wp.com\/cellerruderverein.de\/wp-content\/uploads\/2021\/07\/210614-rz-bw8plus_roebbeckestina-fotochristianschwier-04.jpg?fit=440%2C628&amp;ssl=1\" data-orig-size=\"440,628\" data-comments-opened=\"0\" data-image-meta=\"{&quot;aperture&quot;:&quot;0&quot;,&quot;credit&quot;:&quot;&quot;,&quot;camera&quot;:&quot;&quot;,&quot;caption&quot;:&quot;&quot;,&quot;created_timestamp&quot;:&quot;0&quot;,&quot;copyright&quot;:&quot;&quot;,&quot;focal_length&quot;:&quot;0&quot;,&quot;iso&quot;:&quot;0&quot;,&quot;shutter_speed&quot;:&quot;0&quot;,&quot;title&quot;:&quot;&quot;,&quot;orientation&quot;:&quot;0&quot;}\" data-image-title=\"210614-rz-bw8plus_roebbeckestina-fotochristianschwier-04\" data-image-description=\"\" data-image-caption=\"\" data-large-file=\"https:\/\/i0.wp.com\/cellerruderverein.de\/wp-content\/uploads\/2021\/07\/210614-rz-bw8plus_roebbeckestina-fotochristianschwier-04.jpg?fit=440%2C628&amp;ssl=1\" src=\"https:\/\/i0.wp.com\/cellerruderverein.de\/wp-content\/uploads\/2021\/07\/210614-rz-bw8plus_roebbeckestina-fotochristianschwier-04.jpg?resize=244%2C348&#038;ssl=1\" alt=\"\" class=\"wp-image-3546\" width=\"244\" height=\"348\" srcset=\"https:\/\/i0.wp.com\/cellerruderverein.de\/wp-content\/uploads\/2021\/07\/210614-rz-bw8plus_roebbeckestina-fotochristianschwier-04.jpg?w=440&amp;ssl=1 440w, https:\/\/i0.wp.com\/cellerruderverein.de\/wp-content\/uploads\/2021\/07\/210614-rz-bw8plus_roebbeckestina-fotochristianschwier-04.jpg?resize=210%2C300&amp;ssl=1 210w, https:\/\/i0.wp.com\/cellerruderverein.de\/wp-content\/uploads\/2021\/07\/210614-rz-bw8plus_roebbeckestina-fotochristianschwier-04.jpg?resize=105%2C150&amp;ssl=1 105w\" sizes=\"auto, (max-width: 244px) 100vw, 244px\" \/><figcaption>Stina R\u00f6bbecke, Bild: rudern.de<\/figcaption><\/figure><\/div>\n\n\n\n<p>Heute startete der deutsche U23-Frauen-Achter mit Stina R\u00f6bbecke (CRV) an Bord im Bahnverteilungsrennen bei den U23-Weltmesieterschaften in Racice \/ Tschechien, zu dem insgesamt 6 Boote gemeldet haben. Dabei konnte das Team von Trainer Ren\u00e9 Burmeister (Rostock) den 2. Platz und damit eine Mittelbahn im Finale hinter den Favoritinnen aus den USA und vor den Booten aus den Niederlanden, Rum\u00e4nien, Polen und Frankreich erk\u00e4mpfen.<\/p>\n\n\n\n<p>Das Finale findet am Sonntag um 12:55 Uhr statt und kann im <a rel=\"noreferrer noopener\" href=\"https:\/\/worldrowing.com\/event\/2021-world-rowing-under-23-championships\" target=\"_blank\">Live-Stream auf WorldRowing.com<\/a> verfolgt werden. Wir dr\u00fccken die Daumen und w\u00fcnschen viel Gl\u00fcck und Erfolg!<br \/><a rel=\"noreferrer noopener\" href=\"https:\/\/d3fpn4c9813ycf.cloudfront.net\/pdfDocuments\/U23WCH_2021_1\/U23WCH_2021_1_ROWWCOXED8--U23-------PREL000100--_C73X2932.PDF\" target=\"_blank\">Ergebnis Bahnverteilungsrennen<\/a><\/p>\n<\/div>\n<\/div>\n\n\n\n<p><\/p>\n","protected":false},"excerpt":{"rendered":"<p>Heute startete der deutsche U23-Frauen-Achter mit Stina R\u00f6bbecke (CRV) an Bord im Bahnverteilungsrennen bei den U23-Weltmesieterschaften in Racice \/ Tschechien, zu dem insgesamt 6 Boote gemeldet haben. Dabei konnte das Team von Trainer Ren\u00e9 Burmeister (Rostock) den 2. Platz und damit eine Mittelbahn im Finale hinter den Favoritinnen aus den USA und vor den Booten aus den Niederlanden, Rum\u00e4nien, Polen und Frankreich erk\u00e4mpfen. Das Finale findet am Sonntag um 12:55 Uhr statt und kann im \u2026 <a class=\"continue-reading-link\" href=\"https:\/\/cellerruderverein.de\/?p=3545\"> Weiterlesen <span class=\"meta-nav\">&rarr; <\/span><\/a><\/p>\n","protected":false},"author":1,"featured_media":0,"comment_status":"closed","ping_status":"closed","sticky":false,"template":"","format":"standard","meta":{"jetpack_post_was_ever_published":false,"_jetpack_newsletter_access":"","_jetpack_dont_email_post_to_subs":false,"_jetpack_newsletter_tier_id":0,"_jetpack_memberships_contains_paywalled_content":false,"_jetpack_memberships_contains_paid_content":false,"footnotes":"","jetpack_publicize_message":"","jetpack_publicize_feature_enabled":true,"jetpack_social_post_already_shared":true,"jetpack_social_options":{"image_generator_settings":{"template":"highway","default_image_id":0,"font":"","enabled":false},"version":2}},"categories":[4,3,18],"tags":[],"class_list":["post-3545","post","type-post","status-publish","format-standard","hentry","category-leistungssport","category-nachrichten","category-start"],"jetpack_publicize_connections":[],"jetpack_featured_media_url":"","jetpack-related-posts":[{"id":3553,"url":"https:\/\/cellerruderverein.de\/?p=3553","url_meta":{"origin":3545,"position":0},"title":"Bronzemedaille f\u00fcr Stina R\u00f6bbecke","author":"Admin","date":"11. Juli 2021","format":false,"excerpt":"In einem spannenden Rennen erk\u00e4mpfte sich Stina R\u00f6bbecke vom Celler RV mit dem deutschen Frauen-Achter die Bronzemedaille bei den U23-Weltmeisterschaften im tschechischen Racice.Das deutsche Team startete mutig und konnte auf der ersten Streckenh\u00e4lfte mit den favorisierten US-Ruderinnen mithalten. Diese zeigten auf der zweiten H\u00e4lfte der 2000m-Strecke aber ihre ganze Klasse\u2026","rel":"","context":"In &quot;Leistungssport&quot;","block_context":{"text":"Leistungssport","link":"https:\/\/cellerruderverein.de\/?cat=4"},"img":{"alt_text":"","src":"https:\/\/i0.wp.com\/cellerruderverein.de\/wp-content\/uploads\/2021\/07\/meinruderbild_DSC_6108_Original-redaktion.-Nutzung-_c003ad88_-300x185.jpg?resize=350%2C200","width":350,"height":200},"classes":[]},{"id":3534,"url":"https:\/\/cellerruderverein.de\/?p=3534","url_meta":{"origin":3545,"position":1},"title":"2x Gold f\u00fcr Stina R\u00f6bbecke in Essen","author":"Admin","date":"29. Juni 2021","format":false,"excerpt":"Gold im Frauen-Vierer o. St. f\u00fcr Stina R\u00f6bbecke (links) In der letzten Woche fanden von Donnerstag bis Sonntag die Deutschen Jahrgangsmeisterschaften U17 \/ U19 \/ U23 im Rudern auf dem Baldeneysee in Essen statt. Dieser pr\u00e4sentierte sich an allen Wettkampftagen in gutem Zustand mit fairen Bedingungen und bestem Ruderwetter.Insgesamt haben\u2026","rel":"","context":"In &quot;Leistungssport&quot;","block_context":{"text":"Leistungssport","link":"https:\/\/cellerruderverein.de\/?cat=4"},"img":{"alt_text":"","src":"https:\/\/i0.wp.com\/cellerruderverein.de\/wp-content\/uploads\/2021\/06\/meinruderbild_DSC_6024_Original-redaktion.-Nutzung-_101a7554_-scaled.jpg?resize=350%2C200&ssl=1","width":350,"height":200,"srcset":"https:\/\/i0.wp.com\/cellerruderverein.de\/wp-content\/uploads\/2021\/06\/meinruderbild_DSC_6024_Original-redaktion.-Nutzung-_101a7554_-scaled.jpg?resize=350%2C200&ssl=1 1x, https:\/\/i0.wp.com\/cellerruderverein.de\/wp-content\/uploads\/2021\/06\/meinruderbild_DSC_6024_Original-redaktion.-Nutzung-_101a7554_-scaled.jpg?resize=525%2C300&ssl=1 1.5x, https:\/\/i0.wp.com\/cellerruderverein.de\/wp-content\/uploads\/2021\/06\/meinruderbild_DSC_6024_Original-redaktion.-Nutzung-_101a7554_-scaled.jpg?resize=700%2C400&ssl=1 2x, https:\/\/i0.wp.com\/cellerruderverein.de\/wp-content\/uploads\/2021\/06\/meinruderbild_DSC_6024_Original-redaktion.-Nutzung-_101a7554_-scaled.jpg?resize=1050%2C600&ssl=1 3x, https:\/\/i0.wp.com\/cellerruderverein.de\/wp-content\/uploads\/2021\/06\/meinruderbild_DSC_6024_Original-redaktion.-Nutzung-_101a7554_-scaled.jpg?resize=1400%2C800&ssl=1 4x"},"classes":[]},{"id":3011,"url":"https:\/\/cellerruderverein.de\/?p=3011","url_meta":{"origin":3545,"position":2},"title":"Stina R\u00f6bbecke gewinnt Silber","author":"Admin","date":"19. Mai 2019","format":false,"excerpt":"Foto: T. Rahenkamp Stina R\u00f6bbecke vom Celler Ruderverein gewinnt mit dem Juniorinnen-Achter des Deutschen Ruderverbandes die Silbermedaille bei den Junioren-Europameisterschaften auf dem Essener Baldeneysee. In einem spannenden Rennen konnte der deutsche Achter heute die Silbermedaille hinter dem russischen Boot und vor den Teams aus Tschechien, Wei\u00dfrussland, Rum\u00e4nien und Ungarn erk\u00e4mpfen.\u2026","rel":"","context":"In &quot;Leistungssport&quot;","block_context":{"text":"Leistungssport","link":"https:\/\/cellerruderverein.de\/?cat=4"},"img":{"alt_text":"","src":"https:\/\/i0.wp.com\/cellerruderverein.de\/wp-content\/uploads\/2019\/05\/WhatsApp-Image-2019-05-19-at-15.01.59.jpeg?resize=350%2C200&ssl=1","width":350,"height":200,"srcset":"https:\/\/i0.wp.com\/cellerruderverein.de\/wp-content\/uploads\/2019\/05\/WhatsApp-Image-2019-05-19-at-15.01.59.jpeg?resize=350%2C200&ssl=1 1x, https:\/\/i0.wp.com\/cellerruderverein.de\/wp-content\/uploads\/2019\/05\/WhatsApp-Image-2019-05-19-at-15.01.59.jpeg?resize=525%2C300&ssl=1 1.5x, https:\/\/i0.wp.com\/cellerruderverein.de\/wp-content\/uploads\/2019\/05\/WhatsApp-Image-2019-05-19-at-15.01.59.jpeg?resize=700%2C400&ssl=1 2x"},"classes":[]},{"id":3056,"url":"https:\/\/cellerruderverein.de\/?p=3056","url_meta":{"origin":3545,"position":3},"title":"Bronzemedaille f\u00fcr Stina und Elisa!","author":"Admin","date":"11. August 2019","format":false,"excerpt":"Bei den Junioren-Weltmeisterschaften in Tokio sicherten sich Elisa Patzelt (L\u00fcneburger RC Wiking) und Stina R\u00f6bbecke (Celler RV) im Finale des Juniorinnen-Zweiers o. St. die Bronzemedaille hinter den Booten aus Tschechien und China. Herzlichen Gl\u00fcckwunsch!","rel":"","context":"In &quot;Leistungssport&quot;","block_context":{"text":"Leistungssport","link":"https:\/\/cellerruderverein.de\/?cat=4"},"img":{"alt_text":"E17AF60A-80CE-4C4B-847C-4214E6EC4179","src":"https:\/\/i0.wp.com\/cellerruderverein.de\/wp-content\/uploads\/2019\/08\/E17AF60A-80CE-4C4B-847C-4214E6EC4179.jpg?resize=350%2C200&ssl=1","width":350,"height":200},"classes":[]},{"id":3042,"url":"https:\/\/cellerruderverein.de\/?p=3042","url_meta":{"origin":3545,"position":4},"title":"Junioren-WM in Tokio","author":"Admin","date":"7. August 2019","format":false,"excerpt":"Seit heute finden in Tokyo die Junioren-Weltmeisterschaften im Rudern statt. Ein Jahr vor den Olympischen Spielen dient die Veranstaltung als Test f\u00fcr die olympische Regatta und liefert den Veranstaltern und den nationalen Verb\u00e4nden wertvolle Erkenntnisse \u00fcber die Bedingungen und Abl\u00e4ufe vor Ort, um eine optimale Vorbereitung auf die Spiele zu\u2026","rel":"","context":"In &quot;Leistungssport&quot;","block_context":{"text":"Leistungssport","link":"https:\/\/cellerruderverein.de\/?cat=4"},"img":{"alt_text":"","src":"https:\/\/i0.wp.com\/cellerruderverein.de\/wp-content\/uploads\/2019\/08\/190715-ber-jw2-_roebbeckestina-fotochristianschwier-07.jpg?resize=350%2C200","width":350,"height":200},"classes":[]},{"id":1367,"url":"https:\/\/cellerruderverein.de\/?p=1367","url_meta":{"origin":3545,"position":5},"title":"Gold und Silber f\u00fcr Stina R\u00f6bbecke!","author":"Admin","date":"28. Juni 2016","format":false,"excerpt":"Stina R\u00f6bbecke (links) gewinnt bei den Deutschen Jahrgangsmeisterschaften U 17 in Hamburg die Goldmedaille im Juniorinnen-Vierer o. St. und die Silbermedaille im Juniorinnen-Doppelvierer m. St. (Foto: O. Quickert, rudern.de) Herzlichen Gl\u00fcckwunsch!Hier geht\u00b4s zum Artikel der Celleschen Zeitung.","rel":"","context":"In &quot;Leistungssport&quot;","block_context":{"text":"Leistungssport","link":"https:\/\/cellerruderverein.de\/?cat=4"},"img":{"alt_text":"","src":"https:\/\/i0.wp.com\/cellerruderverein.de\/wp-content\/uploads\/2017\/04\/1491553107_featured.jpeg?fit=450%2C300&ssl=1&resize=350%2C200","width":350,"height":200},"classes":[]}],"jetpack_sharing_enabled":true,"jetpack_shortlink":"https:\/\/wp.me\/p3cUVs-Vb","jetpack_likes_enabled":false,"_links":{"self":[{"href":"https:\/\/cellerruderverein.de\/index.php?rest_route=\/wp\/v2\/posts\/3545","targetHints":{"allow":["GET"]}}],"collection":[{"href":"https:\/\/cellerruderverein.de\/index.php?rest_route=\/wp\/v2\/posts"}],"about":[{"href":"https:\/\/cellerruderverein.de\/index.php?rest_route=\/wp\/v2\/types\/post"}],"author":[{"embeddable":true,"href":"https:\/\/cellerruderverein.de\/index.php?rest_route=\/wp\/v2\/users\/1"}],"replies":[{"embeddable":true,"href":"https:\/\/cellerruderverein.de\/index.php?rest_route=%2Fwp%2Fv2%2Fcomments&post=3545"}],"version-history":[{"count":3,"href":"https:\/\/cellerruderverein.de\/index.php?rest_route=\/wp\/v2\/posts\/3545\/revisions"}],"predecessor-version":[{"id":3550,"href":"https:\/\/cellerruderverein.de\/index.php?rest_route=\/wp\/v2\/posts\/3545\/revisions\/3550"}],"wp:attachment":[{"href":"https:\/\/cellerruderverein.de\/index.php?rest_route=%2Fwp%2Fv2%2Fmedia&parent=3545"}],"wp:term":[{"taxonomy":"category","embeddable":true,"href":"https:\/\/cellerruderverein.de\/index.php?rest_route=%2Fwp%2Fv2%2Fcategories&post=3545"},{"taxonomy":"post_tag","embeddable":true,"href":"https:\/\/cellerruderverein.de\/index.php?rest_route=%2Fwp%2Fv2%2Ftags&post=3545"}],"curies":[{"name":"wp","href":"https:\/\/api.w.org\/{rel}","templated":true}]}}