{"id":3553,"date":"2021-07-11T15:25:15","date_gmt":"2021-07-11T13:25:15","guid":{"rendered":"https:\/\/cellerruderverein.de\/?p=3553"},"modified":"2024-12-30T19:23:12","modified_gmt":"2024-12-30T18:23:12","slug":"bronzemedaille-fuer-stina-roebbecke","status":"publish","type":"post","link":"https:\/\/cellerruderverein.de\/?p=3553","title":{"rendered":"Bronzemedaille f\u00fcr Stina R\u00f6bbecke"},"content":{"rendered":"<div id=\"attachment_3554\" style=\"width: 260px\" class=\"wp-caption alignleft\"><a href=\"https:\/\/i0.wp.com\/cellerruderverein.de\/wp-content\/uploads\/2021\/07\/meinruderbild_DSC_6108_Original-redaktion.-Nutzung-_c003ad88_-scaled.jpg?ssl=1\" target=\"_blank\" rel=\"noopener\"><img data-recalc-dims=\"1\" loading=\"lazy\" decoding=\"async\" aria-describedby=\"caption-attachment-3554\" data-attachment-id=\"3554\" data-permalink=\"https:\/\/cellerruderverein.de\/?attachment_id=3554\" data-orig-file=\"https:\/\/i0.wp.com\/cellerruderverein.de\/wp-content\/uploads\/2021\/07\/meinruderbild_DSC_6108_Original-redaktion.-Nutzung-_c003ad88_-scaled.jpg?fit=2560%2C1578&amp;ssl=1\" data-orig-size=\"2560,1578\" data-comments-opened=\"0\" data-image-meta=\"{&quot;aperture&quot;:&quot;8&quot;,&quot;credit&quot;:&quot;&quot;,&quot;camera&quot;:&quot;NIKON D6&quot;,&quot;caption&quot;:&quot;&quot;,&quot;created_timestamp&quot;:&quot;1625747156&quot;,&quot;copyright&quot;:&quot;&quot;,&quot;focal_length&quot;:&quot;320&quot;,&quot;iso&quot;:&quot;400&quot;,&quot;shutter_speed&quot;:&quot;0.0008&quot;,&quot;title&quot;:&quot;&quot;,&quot;orientation&quot;:&quot;1&quot;}\" data-image-title=\"meinruderbild_DSC_6108_Original-redaktion.-Nutzung-_c003ad88_\" data-image-description=\"\" data-image-caption=\"&lt;p&gt;U23-Frauen-Achter mit Stina R\u00f6bbecke (5. v.l.)&lt;br \/&gt;\nBild: meinruderbild.de&lt;\/p&gt;\n\" data-large-file=\"https:\/\/i0.wp.com\/cellerruderverein.de\/wp-content\/uploads\/2021\/07\/meinruderbild_DSC_6108_Original-redaktion.-Nutzung-_c003ad88_-scaled.jpg?fit=800%2C493&amp;ssl=1\" class=\"wp-image-3554\" src=\"https:\/\/i0.wp.com\/cellerruderverein.de\/wp-content\/uploads\/2021\/07\/meinruderbild_DSC_6108_Original-redaktion.-Nutzung-_c003ad88_.jpg?resize=250%2C154&#038;ssl=1\" alt=\"\" width=\"250\" height=\"154\" srcset=\"https:\/\/i0.wp.com\/cellerruderverein.de\/wp-content\/uploads\/2021\/07\/meinruderbild_DSC_6108_Original-redaktion.-Nutzung-_c003ad88_-scaled.jpg?resize=300%2C185&amp;ssl=1 300w, https:\/\/i0.wp.com\/cellerruderverein.de\/wp-content\/uploads\/2021\/07\/meinruderbild_DSC_6108_Original-redaktion.-Nutzung-_c003ad88_-scaled.jpg?resize=600%2C370&amp;ssl=1 600w, https:\/\/i0.wp.com\/cellerruderverein.de\/wp-content\/uploads\/2021\/07\/meinruderbild_DSC_6108_Original-redaktion.-Nutzung-_c003ad88_-scaled.jpg?resize=1024%2C631&amp;ssl=1 1024w, https:\/\/i0.wp.com\/cellerruderverein.de\/wp-content\/uploads\/2021\/07\/meinruderbild_DSC_6108_Original-redaktion.-Nutzung-_c003ad88_-scaled.jpg?resize=768%2C473&amp;ssl=1 768w, https:\/\/i0.wp.com\/cellerruderverein.de\/wp-content\/uploads\/2021\/07\/meinruderbild_DSC_6108_Original-redaktion.-Nutzung-_c003ad88_-scaled.jpg?resize=1536%2C947&amp;ssl=1 1536w, https:\/\/i0.wp.com\/cellerruderverein.de\/wp-content\/uploads\/2021\/07\/meinruderbild_DSC_6108_Original-redaktion.-Nutzung-_c003ad88_-scaled.jpg?resize=2048%2C1263&amp;ssl=1 2048w, https:\/\/i0.wp.com\/cellerruderverein.de\/wp-content\/uploads\/2021\/07\/meinruderbild_DSC_6108_Original-redaktion.-Nutzung-_c003ad88_-scaled.jpg?resize=150%2C92&amp;ssl=1 150w, https:\/\/i0.wp.com\/cellerruderverein.de\/wp-content\/uploads\/2021\/07\/meinruderbild_DSC_6108_Original-redaktion.-Nutzung-_c003ad88_-scaled.jpg?w=1600&amp;ssl=1 1600w, https:\/\/i0.wp.com\/cellerruderverein.de\/wp-content\/uploads\/2021\/07\/meinruderbild_DSC_6108_Original-redaktion.-Nutzung-_c003ad88_-scaled.jpg?w=2400&amp;ssl=1 2400w\" sizes=\"auto, (max-width: 250px) 100vw, 250px\" \/><\/a><p id=\"caption-attachment-3554\" class=\"wp-caption-text\">U23-Frauen-Achter mit Stina R\u00f6bbecke (5. v.l.)<br \/>Bild: meinruderbild.de<\/p><\/div><p>In einem spannenden Rennen erk\u00e4mpfte sich Stina R\u00f6bbecke vom Celler RV mit dem deutschen Frauen-Achter die Bronzemedaille bei den U23-Weltmeisterschaften im tschechischen Racice.<br data-rich-text-line-break=\"true\" \/>Das deutsche Team startete mutig und konnte auf der ersten Streckenh\u00e4lfte mit den favorisierten US-Ruderinnen mithalten. Diese zeigten auf der zweiten H\u00e4lfte der 2000m-Strecke aber ihre ganze Klasse und setzten sich St\u00fcck f\u00fcr St\u00fcck vom Verfolgerfeld ab. Lediglich die Niederl\u00e4nderinnen konnten noch einigerma\u00dfen folgen und verdr\u00e4ngten das deutsche Team auf den dritten Rang vor den Booten aus Polen, Frankreich und Rum\u00e4nien.<br data-rich-text-line-break=\"true\" \/>F\u00fcr Stina R\u00f6bbecke ist es nach der ausgefallenen Wettkampfsaison 2020 die erste Medaille bei einem internationalen Zielwettkampf in der Altersklasse U23.<\/p>\n\n\n<p><\/p>\n","protected":false},"excerpt":{"rendered":"<p>In einem spannenden Rennen erk\u00e4mpfte sich Stina R\u00f6bbecke vom Celler RV mit dem deutschen Frauen-Achter die Bronzemedaille bei den U23-Weltmeisterschaften im tschechischen Racice.Das deutsche Team startete mutig und konnte auf der ersten Streckenh\u00e4lfte mit den favorisierten US-Ruderinnen mithalten. Diese zeigten auf der zweiten H\u00e4lfte der 2000m-Strecke aber ihre ganze Klasse und setzten sich St\u00fcck f\u00fcr St\u00fcck vom Verfolgerfeld ab. Lediglich die Niederl\u00e4nderinnen konnten noch einigerma\u00dfen folgen und verdr\u00e4ngten das deutsche Team auf den dritten Rang \u2026 <a class=\"continue-reading-link\" href=\"https:\/\/cellerruderverein.de\/?p=3553\"> Weiterlesen <span class=\"meta-nav\">&rarr; <\/span><\/a><\/p>\n","protected":false},"author":1,"featured_media":0,"comment_status":"closed","ping_status":"closed","sticky":false,"template":"","format":"standard","meta":{"jetpack_post_was_ever_published":false,"_jetpack_newsletter_access":"","_jetpack_dont_email_post_to_subs":false,"_jetpack_newsletter_tier_id":0,"_jetpack_memberships_contains_paywalled_content":false,"_jetpack_memberships_contains_paid_content":false,"footnotes":"","jetpack_publicize_message":"","jetpack_publicize_feature_enabled":true,"jetpack_social_post_already_shared":true,"jetpack_social_options":{"image_generator_settings":{"template":"highway","default_image_id":0,"font":"","enabled":false},"version":2}},"categories":[4,3,18],"tags":[],"class_list":["post-3553","post","type-post","status-publish","format-standard","hentry","category-leistungssport","category-nachrichten","category-start"],"jetpack_publicize_connections":[],"jetpack_featured_media_url":"","jetpack-related-posts":[{"id":3534,"url":"https:\/\/cellerruderverein.de\/?p=3534","url_meta":{"origin":3553,"position":0},"title":"2x Gold f\u00fcr Stina R\u00f6bbecke in Essen","author":"Admin","date":"29. Juni 2021","format":false,"excerpt":"Gold im Frauen-Vierer o. St. f\u00fcr Stina R\u00f6bbecke (links) In der letzten Woche fanden von Donnerstag bis Sonntag die Deutschen Jahrgangsmeisterschaften U17 \/ U19 \/ U23 im Rudern auf dem Baldeneysee in Essen statt. Dieser pr\u00e4sentierte sich an allen Wettkampftagen in gutem Zustand mit fairen Bedingungen und bestem Ruderwetter.Insgesamt haben\u2026","rel":"","context":"In &quot;Leistungssport&quot;","block_context":{"text":"Leistungssport","link":"https:\/\/cellerruderverein.de\/?cat=4"},"img":{"alt_text":"","src":"https:\/\/i0.wp.com\/cellerruderverein.de\/wp-content\/uploads\/2021\/06\/meinruderbild_DSC_6024_Original-redaktion.-Nutzung-_101a7554_-scaled.jpg?resize=350%2C200&ssl=1","width":350,"height":200,"srcset":"https:\/\/i0.wp.com\/cellerruderverein.de\/wp-content\/uploads\/2021\/06\/meinruderbild_DSC_6024_Original-redaktion.-Nutzung-_101a7554_-scaled.jpg?resize=350%2C200&ssl=1 1x, https:\/\/i0.wp.com\/cellerruderverein.de\/wp-content\/uploads\/2021\/06\/meinruderbild_DSC_6024_Original-redaktion.-Nutzung-_101a7554_-scaled.jpg?resize=525%2C300&ssl=1 1.5x, https:\/\/i0.wp.com\/cellerruderverein.de\/wp-content\/uploads\/2021\/06\/meinruderbild_DSC_6024_Original-redaktion.-Nutzung-_101a7554_-scaled.jpg?resize=700%2C400&ssl=1 2x, https:\/\/i0.wp.com\/cellerruderverein.de\/wp-content\/uploads\/2021\/06\/meinruderbild_DSC_6024_Original-redaktion.-Nutzung-_101a7554_-scaled.jpg?resize=1050%2C600&ssl=1 3x, https:\/\/i0.wp.com\/cellerruderverein.de\/wp-content\/uploads\/2021\/06\/meinruderbild_DSC_6024_Original-redaktion.-Nutzung-_101a7554_-scaled.jpg?resize=1400%2C800&ssl=1 4x"},"classes":[]},{"id":3545,"url":"https:\/\/cellerruderverein.de\/?p=3545","url_meta":{"origin":3553,"position":1},"title":"Platz 2 im Bahnverteilungsrennen","author":"Admin","date":"8. Juli 2021","format":false,"excerpt":"Stina R\u00f6bbecke, Bild: rudern.de Heute startete der deutsche U23-Frauen-Achter mit Stina R\u00f6bbecke (CRV) an Bord im Bahnverteilungsrennen bei den U23-Weltmesieterschaften in Racice \/ Tschechien, zu dem insgesamt 6 Boote gemeldet haben. Dabei konnte das Team von Trainer Ren\u00e9 Burmeister (Rostock) den 2. Platz und damit eine Mittelbahn im Finale hinter\u2026","rel":"","context":"In &quot;Leistungssport&quot;","block_context":{"text":"Leistungssport","link":"https:\/\/cellerruderverein.de\/?cat=4"},"img":{"alt_text":"","src":"https:\/\/i0.wp.com\/cellerruderverein.de\/wp-content\/uploads\/2021\/07\/210614-rz-bw8plus_roebbeckestina-fotochristianschwier-04.jpg?resize=350%2C200&ssl=1","width":350,"height":200},"classes":[]},{"id":3011,"url":"https:\/\/cellerruderverein.de\/?p=3011","url_meta":{"origin":3553,"position":2},"title":"Stina R\u00f6bbecke gewinnt Silber","author":"Admin","date":"19. Mai 2019","format":false,"excerpt":"Foto: T. Rahenkamp Stina R\u00f6bbecke vom Celler Ruderverein gewinnt mit dem Juniorinnen-Achter des Deutschen Ruderverbandes die Silbermedaille bei den Junioren-Europameisterschaften auf dem Essener Baldeneysee. In einem spannenden Rennen konnte der deutsche Achter heute die Silbermedaille hinter dem russischen Boot und vor den Teams aus Tschechien, Wei\u00dfrussland, Rum\u00e4nien und Ungarn erk\u00e4mpfen.\u2026","rel":"","context":"In &quot;Leistungssport&quot;","block_context":{"text":"Leistungssport","link":"https:\/\/cellerruderverein.de\/?cat=4"},"img":{"alt_text":"","src":"https:\/\/i0.wp.com\/cellerruderverein.de\/wp-content\/uploads\/2019\/05\/WhatsApp-Image-2019-05-19-at-15.01.59.jpeg?resize=350%2C200&ssl=1","width":350,"height":200,"srcset":"https:\/\/i0.wp.com\/cellerruderverein.de\/wp-content\/uploads\/2019\/05\/WhatsApp-Image-2019-05-19-at-15.01.59.jpeg?resize=350%2C200&ssl=1 1x, https:\/\/i0.wp.com\/cellerruderverein.de\/wp-content\/uploads\/2019\/05\/WhatsApp-Image-2019-05-19-at-15.01.59.jpeg?resize=525%2C300&ssl=1 1.5x, https:\/\/i0.wp.com\/cellerruderverein.de\/wp-content\/uploads\/2019\/05\/WhatsApp-Image-2019-05-19-at-15.01.59.jpeg?resize=700%2C400&ssl=1 2x"},"classes":[]},{"id":3056,"url":"https:\/\/cellerruderverein.de\/?p=3056","url_meta":{"origin":3553,"position":3},"title":"Bronzemedaille f\u00fcr Stina und Elisa!","author":"Admin","date":"11. August 2019","format":false,"excerpt":"Bei den Junioren-Weltmeisterschaften in Tokio sicherten sich Elisa Patzelt (L\u00fcneburger RC Wiking) und Stina R\u00f6bbecke (Celler RV) im Finale des Juniorinnen-Zweiers o. St. die Bronzemedaille hinter den Booten aus Tschechien und China. Herzlichen Gl\u00fcckwunsch!","rel":"","context":"In &quot;Leistungssport&quot;","block_context":{"text":"Leistungssport","link":"https:\/\/cellerruderverein.de\/?cat=4"},"img":{"alt_text":"E17AF60A-80CE-4C4B-847C-4214E6EC4179","src":"https:\/\/i0.wp.com\/cellerruderverein.de\/wp-content\/uploads\/2019\/08\/E17AF60A-80CE-4C4B-847C-4214E6EC4179.jpg?resize=350%2C200&ssl=1","width":350,"height":200},"classes":[]},{"id":3265,"url":"https:\/\/cellerruderverein.de\/?p=3265","url_meta":{"origin":3553,"position":4},"title":"Besondere Auszeichnung f\u00fcr Stina R\u00f6bbecke","author":"Admin","date":"13. Juli 2020","format":false,"excerpt":"Stina R\u00f6bbecke Im Rahmen der Abitur-Entlassungsfeier der Carl-Friedrich-Gau\u00df-Schule Hemmingen in der Akademie des Sports in Hannover wurde Stina R\u00f6bbecke vom Celler Ruderverein (CRV) eine besondere Ehre zuteil. Die 19-j\u00e4hrige Abiturientin des Lotto-Sport-Internats in Hannover wurde mit dem Pierre-de-Coubertin-Preis ausgezeichnet, der seit 2007 gemeinsam vom Landessportbund Niedersachsen und dem nieders\u00e4chsischen Kultusministerium\u2026","rel":"","context":"In &quot;Allgemein&quot;","block_context":{"text":"Allgemein","link":"https:\/\/cellerruderverein.de\/?cat=5"},"img":{"alt_text":"","src":"https:\/\/i0.wp.com\/cellerruderverein.de\/wp-content\/uploads\/2020\/07\/34E3BA64-0726-4246-B347-493CA312DDF5.jpeg?resize=350%2C200&ssl=1","width":350,"height":200,"srcset":"https:\/\/i0.wp.com\/cellerruderverein.de\/wp-content\/uploads\/2020\/07\/34E3BA64-0726-4246-B347-493CA312DDF5.jpeg?resize=350%2C200&ssl=1 1x, https:\/\/i0.wp.com\/cellerruderverein.de\/wp-content\/uploads\/2020\/07\/34E3BA64-0726-4246-B347-493CA312DDF5.jpeg?resize=525%2C300&ssl=1 1.5x, https:\/\/i0.wp.com\/cellerruderverein.de\/wp-content\/uploads\/2020\/07\/34E3BA64-0726-4246-B347-493CA312DDF5.jpeg?resize=700%2C400&ssl=1 2x"},"classes":[]},{"id":3042,"url":"https:\/\/cellerruderverein.de\/?p=3042","url_meta":{"origin":3553,"position":5},"title":"Junioren-WM in Tokio","author":"Admin","date":"7. August 2019","format":false,"excerpt":"Seit heute finden in Tokyo die Junioren-Weltmeisterschaften im Rudern statt. Ein Jahr vor den Olympischen Spielen dient die Veranstaltung als Test f\u00fcr die olympische Regatta und liefert den Veranstaltern und den nationalen Verb\u00e4nden wertvolle Erkenntnisse \u00fcber die Bedingungen und Abl\u00e4ufe vor Ort, um eine optimale Vorbereitung auf die Spiele zu\u2026","rel":"","context":"In &quot;Leistungssport&quot;","block_context":{"text":"Leistungssport","link":"https:\/\/cellerruderverein.de\/?cat=4"},"img":{"alt_text":"","src":"https:\/\/i0.wp.com\/cellerruderverein.de\/wp-content\/uploads\/2019\/08\/190715-ber-jw2-_roebbeckestina-fotochristianschwier-07.jpg?resize=350%2C200","width":350,"height":200},"classes":[]}],"jetpack_sharing_enabled":true,"jetpack_shortlink":"https:\/\/wp.me\/p3cUVs-Vj","jetpack_likes_enabled":false,"_links":{"self":[{"href":"https:\/\/cellerruderverein.de\/index.php?rest_route=\/wp\/v2\/posts\/3553","targetHints":{"allow":["GET"]}}],"collection":[{"href":"https:\/\/cellerruderverein.de\/index.php?rest_route=\/wp\/v2\/posts"}],"about":[{"href":"https:\/\/cellerruderverein.de\/index.php?rest_route=\/wp\/v2\/types\/post"}],"author":[{"embeddable":true,"href":"https:\/\/cellerruderverein.de\/index.php?rest_route=\/wp\/v2\/users\/1"}],"replies":[{"embeddable":true,"href":"https:\/\/cellerruderverein.de\/index.php?rest_route=%2Fwp%2Fv2%2Fcomments&post=3553"}],"version-history":[{"count":8,"href":"https:\/\/cellerruderverein.de\/index.php?rest_route=\/wp\/v2\/posts\/3553\/revisions"}],"predecessor-version":[{"id":3563,"href":"https:\/\/cellerruderverein.de\/index.php?rest_route=\/wp\/v2\/posts\/3553\/revisions\/3563"}],"wp:attachment":[{"href":"https:\/\/cellerruderverein.de\/index.php?rest_route=%2Fwp%2Fv2%2Fmedia&parent=3553"}],"wp:term":[{"taxonomy":"category","embeddable":true,"href":"https:\/\/cellerruderverein.de\/index.php?rest_route=%2Fwp%2Fv2%2Fcategories&post=3553"},{"taxonomy":"post_tag","embeddable":true,"href":"https:\/\/cellerruderverein.de\/index.php?rest_route=%2Fwp%2Fv2%2Ftags&post=3553"}],"curies":[{"name":"wp","href":"https:\/\/api.w.org\/{rel}","templated":true}]}}