{"id":4270,"date":"2024-12-30T15:27:29","date_gmt":"2024-12-30T14:27:29","guid":{"rendered":"https:\/\/cellerruderverein.de\/?p=4270"},"modified":"2026-02-18T15:41:57","modified_gmt":"2026-02-18T14:41:57","slug":"3-crv-mens-rowing-challenge-2025","status":"publish","type":"post","link":"https:\/\/cellerruderverein.de\/?p=4270","title":{"rendered":"4. CRV Men\u00b4s Rowing Challenge 2026"},"content":{"rendered":"\n<div class=\"wp-block-group is-nowrap is-layout-flex wp-container-core-group-is-layout-ad2f72ca wp-block-group-is-layout-flex\">\n<p><strong>Teilnahmebedingungen:<\/strong><br \/><br \/>1. Mitmachen kann jeder (auch ohne Mitglied im Celler RV zu sein) ab Jahrgang 2013.<br \/><br \/>2. Die Teilnahme erfolgt auf eigene Gefahr und gesundheitliches Risiko. Eine (sport-)medizinische Untersuchung vorab wird empfohlen.<br \/><br \/>3. Gewertet werden die auf dem Concept2-Ergometer geruderten Meter \u00fcber die jeweilige Challenge-Distanz in dem daf\u00fcr angegebenen Zeitraum. Bei mehreren Versuchen wird das beste Ergebnis gewertet.<br \/><br \/>01.-08.01.2026 = 8 min (Ergebnismeldung bis zum 08.01.2026)<br \/>09.-15.01.2026 = 15 min (Ergebnismeldung bis zum 15.01.2026)<br \/>16.-22.01.2026 = 22 min (Ergebnismeldung bis zum 22.01.2026)<br \/>23.-31.01.2026 = 30 min (Ergebnismeldung bis zum 31.01.2026)<br \/><br \/>4. Die Ergebnisse werden von jedem Teilnehmer selbst in ein <a href=\"https:\/\/forms.office.com\/e\/h1pr24GzCa\" target=\"_blank\" rel=\"noreferrer noopener\">Online-Formular<\/a> eingetragen und hochgeladen. Zur Absicherung wird ein Foto des Displays mit dem Gesicht des Ruderers gemacht und per Email an <a href=\"mailto:mens-rowing-challenge@cellerruderverein.de\">mens-rowing-challenge@cellerruderverein.de<\/a> gesendet.<br \/><br \/>5. Die Ergebnisse werden elektronisch verarbeitet und regelm\u00e4\u00dfig aktualisiert. Mit der Anmeldung \/ Teilnahme erkl\u00e4rt sich der Teilnehmer mit der Ver\u00f6ffentlichung seiner Leistung(en) einverstanden.<br \/><\/p>\n<\/div>\n","protected":false},"excerpt":{"rendered":"<p>Teilnahmebedingungen: 1. Mitmachen kann jeder (auch ohne Mitglied im Celler RV zu sein) ab Jahrgang 2013. 2. Die Teilnahme erfolgt auf eigene Gefahr und gesundheitliches Risiko. Eine (sport-)medizinische Untersuchung vorab wird empfohlen. 3. Gewertet werden die auf dem Concept2-Ergometer geruderten Meter \u00fcber die jeweilige Challenge-Distanz in dem daf\u00fcr angegebenen Zeitraum. Bei mehreren Versuchen wird das beste Ergebnis gewertet. 01.-08.01.2026 = 8 min (Ergebnismeldung bis zum 08.01.2026)09.-15.01.2026 = 15 min (Ergebnismeldung bis zum 15.01.2026)16.-22.01.2026 = 22 \u2026 <a class=\"continue-reading-link\" href=\"https:\/\/cellerruderverein.de\/?p=4270\"> Weiterlesen <span class=\"meta-nav\">&rarr; <\/span><\/a><\/p>\n","protected":false},"author":1,"featured_media":0,"comment_status":"closed","ping_status":"closed","sticky":false,"template":"","format":"standard","meta":{"jetpack_post_was_ever_published":false,"_jetpack_newsletter_access":"","_jetpack_dont_email_post_to_subs":true,"_jetpack_newsletter_tier_id":0,"_jetpack_memberships_contains_paywalled_content":false,"_jetpack_memberships_contains_paid_content":false,"footnotes":"","jetpack_publicize_message":"","jetpack_publicize_feature_enabled":true,"jetpack_social_post_already_shared":true,"jetpack_social_options":{"image_generator_settings":{"template":"highway","enabled":false},"version":2}},"categories":[3],"tags":[],"class_list":["post-4270","post","type-post","status-publish","format-standard","hentry","category-nachrichten"],"jetpack_publicize_connections":[],"jetpack_featured_media_url":"","jetpack-related-posts":[{"id":4595,"url":"https:\/\/cellerruderverein.de\/?p=4595","url_meta":{"origin":4270,"position":0},"title":"Women Rowing Challenge 2026","author":"Schlumpfine","date":"3. Januar 2026","format":false,"excerpt":"Zum siebten Mal starten wir die Women Rowing Challenge im Celler Ruderverein! Im letzten Jahr haben wir einen hervorragenden 11. Platz auf den Ergometern erreichen k\u00f6nnen. Das wollen wir dieses Jahr mindestens auch erreichen und wenn m\u00f6glich noch eine bessere Platzierung! Also: bitte meldet euch an und kommt zu uns\u2026","rel":"","context":"In &quot;Nachrichten&quot;","block_context":{"text":"Nachrichten","link":"https:\/\/cellerruderverein.de\/?cat=3"},"img":{"alt_text":"","src":"https:\/\/i0.wp.com\/cellerruderverein.de\/wp-content\/uploads\/2026\/01\/wrc26.webp?fit=640%2C339&ssl=1&resize=350%2C200","width":350,"height":200,"srcset":"https:\/\/i0.wp.com\/cellerruderverein.de\/wp-content\/uploads\/2026\/01\/wrc26.webp?fit=640%2C339&ssl=1&resize=350%2C200 1x, https:\/\/i0.wp.com\/cellerruderverein.de\/wp-content\/uploads\/2026\/01\/wrc26.webp?fit=640%2C339&ssl=1&resize=525%2C300 1.5x"},"classes":[]},{"id":3644,"url":"https:\/\/cellerruderverein.de\/?p=3644","url_meta":{"origin":4270,"position":1},"title":"Meldeergebnis 63. Celler Ruderregatta","author":"Admin","date":"24. September 2021","format":false,"excerpt":"Liebe Ruderkameradinnen und Ruderkameraden,\u00a0 f\u00fcr Ihre Meldungen zur 63. Celler Ruderregatta am 2. Oktober 2021 sagen wir herzlichen Dank. Auch wenn die Zahl der gemeldeten Boote deutlich niedriger ausf\u00e4llt als in den vergangenen Jahren, haben wir uns entschieden, die Veranstaltung durchzuf\u00fchren. Und wir versichern wir Ihnen und Euch, dass wir\u2026","rel":"","context":"In &quot;Celler Regatta&quot;","block_context":{"text":"Celler Regatta","link":"https:\/\/cellerruderverein.de\/?cat=6"},"img":{"alt_text":"","src":"","width":0,"height":0},"classes":[]},{"id":281,"url":"https:\/\/cellerruderverein.de\/?p=281","url_meta":{"origin":4270,"position":2},"title":"Dieter Scheerschmidt erh\u00e4lt Verdienstkreuz am Bande","author":"Admin","date":"5. Februar 2013","format":false,"excerpt":"Bundespr\u00e4sident Joachim Gauck hat dem langj\u00e4hrigen Vorsitzenden des Landesruderverbandes Niedersachsen, Dieter Scheerschmidt, das Verdienstkreuz am Bande des Verdienstordens der Bundesrepublik Deutschland verliehen. Damit wird das seit mehr als f\u00fcnf Jahrzehnten w\u00e4hrende Engagement des Cellers im Rudersports gew\u00fcrdigt. Oberb\u00fcrgermeister Dirk-Ulrich Mende h\u00e4ndigte Ehrenzeichen und Urkunde im Rahmen einer Feierstunde im Alten\u2026","rel":"","context":"In &quot;Allgemein&quot;","block_context":{"text":"Allgemein","link":"https:\/\/cellerruderverein.de\/?cat=5"},"img":{"alt_text":"","src":"https:\/\/i0.wp.com\/cellerruderverein.de\/wp-content\/uploads\/2013\/02\/image.jpg?resize=350%2C200","width":350,"height":200},"classes":[]},{"id":878,"url":"https:\/\/cellerruderverein.de\/?p=878","url_meta":{"origin":4270,"position":3},"title":"Ruder-Gala-Ball 2014","author":"Admin","date":"7. Januar 2014","format":false,"excerpt":"Erinnerung f\u00fcr alle Mitglieder, Freunde und G\u00f6nner vom Celler Ruderverein! Haben Sie sich den Ruder-Gala-Ball 2014 am 01.02.2014 bereits in Ihrem Terminkalender eingetragen? In der letzten Vereinsmitteilung wurde bereits auf das gesellschaftliche Ereignis aus Ruderersicht hingewiesen. Seit Mitte November 2013 sind die Einladungen zu diesem Event an alle Vergn\u00fcgungss\u00fcchtigen verschickt.\u2026","rel":"","context":"In &quot;Allgemein&quot;","block_context":{"text":"Allgemein","link":"https:\/\/cellerruderverein.de\/?cat=5"},"img":{"alt_text":"","src":"","width":0,"height":0},"classes":[]},{"id":701,"url":"https:\/\/cellerruderverein.de\/?p=701","url_meta":{"origin":4270,"position":4},"title":"Familienwanderfahrt","author":"Admin","date":"7. August 2013","format":false,"excerpt":"Es geht wieder los-alle ins Boot! Am 07.09.2013 geht die ganze Familie \"baden\"-nat\u00fcrlich nicht! An diesem Samstag soll unsere Familienwanderfahrt \u00fcber die Aller laufen. Start ist um 8.30 Uhr p\u00fcnktlich von der Ziegeninsel mit den Bootstransportern. Es wird gegrillt und vor allem gemeinsam gerudert! Der Sport ist nicht der Mittelpunkt\u2026","rel":"","context":"In &quot;Allgemein&quot;","block_context":{"text":"Allgemein","link":"https:\/\/cellerruderverein.de\/?cat=5"},"img":{"alt_text":"","src":"","width":0,"height":0},"classes":[]},{"id":1521,"url":"https:\/\/cellerruderverein.de\/?p=1521","url_meta":{"origin":4270,"position":5},"title":"Geschichte","author":"Admin","date":"23. Februar 2017","format":false,"excerpt":"Geschichte\u00a0des Celler Rudervereins e.V. Bildergalerie 1957 -2017 von Volker Wieneke Am 28. Mai 1957 wurde der Celler Ruderverein e.V. gegr\u00fcndet. Die Gr\u00fcndungsmitglieder waren Hans Stroehmer, Hansj\u00f6rg Bopp, Volker Strasser, Peter Trautvetter, Dr. Sch\u00e4licke, Rolf Spies und Detlef Sagebiel. Erster Vorsitzender war Detlef Sagebiel, Hansj\u00f6rg Bopp und Volker Strasser seine Stellvertreter.\u2026","rel":"","context":"In &quot;Allgemein&quot;","block_context":{"text":"Allgemein","link":"https:\/\/cellerruderverein.de\/?cat=5"},"img":{"alt_text":"","src":"https:\/\/i0.wp.com\/cellerruderverein.de\/wp-content\/uploads\/2012\/08\/cropped-CRV-Bild1-300x208.jpg?resize=350%2C200","width":350,"height":200},"classes":[]}],"jetpack_sharing_enabled":true,"jetpack_shortlink":"https:\/\/wp.me\/p3cUVs-16S","jetpack_likes_enabled":false,"_links":{"self":[{"href":"https:\/\/cellerruderverein.de\/index.php?rest_route=\/wp\/v2\/posts\/4270","targetHints":{"allow":["GET"]}}],"collection":[{"href":"https:\/\/cellerruderverein.de\/index.php?rest_route=\/wp\/v2\/posts"}],"about":[{"href":"https:\/\/cellerruderverein.de\/index.php?rest_route=\/wp\/v2\/types\/post"}],"author":[{"embeddable":true,"href":"https:\/\/cellerruderverein.de\/index.php?rest_route=\/wp\/v2\/users\/1"}],"replies":[{"embeddable":true,"href":"https:\/\/cellerruderverein.de\/index.php?rest_route=%2Fwp%2Fv2%2Fcomments&post=4270"}],"version-history":[{"count":5,"href":"https:\/\/cellerruderverein.de\/index.php?rest_route=\/wp\/v2\/posts\/4270\/revisions"}],"predecessor-version":[{"id":4589,"href":"https:\/\/cellerruderverein.de\/index.php?rest_route=\/wp\/v2\/posts\/4270\/revisions\/4589"}],"wp:attachment":[{"href":"https:\/\/cellerruderverein.de\/index.php?rest_route=%2Fwp%2Fv2%2Fmedia&parent=4270"}],"wp:term":[{"taxonomy":"category","embeddable":true,"href":"https:\/\/cellerruderverein.de\/index.php?rest_route=%2Fwp%2Fv2%2Fcategories&post=4270"},{"taxonomy":"post_tag","embeddable":true,"href":"https:\/\/cellerruderverein.de\/index.php?rest_route=%2Fwp%2Fv2%2Ftags&post=4270"}],"curies":[{"name":"wp","href":"https:\/\/api.w.org\/{rel}","templated":true}]}}