{"id":506,"date":"2013-05-11T10:25:04","date_gmt":"2013-05-11T08:25:04","guid":{"rendered":"http:\/\/cellerruderverein.de\/?p=506"},"modified":"2013-05-11T21:57:53","modified_gmt":"2013-05-11T19:57:53","slug":"internationale-hugel-regatta-in-essen","status":"publish","type":"post","link":"https:\/\/cellerruderverein.de\/?p=506","title":{"rendered":"Internationale H\u00fcgel-Regatta in Essen"},"content":{"rendered":"<p><a href=\"https:\/\/i0.wp.com\/cellerruderverein.de\/wp-content\/uploads\/2013\/05\/20130511-100843.jpg?ssl=1\"><img data-recalc-dims=\"1\" loading=\"lazy\" decoding=\"async\" data-attachment-id=\"503\" data-permalink=\"https:\/\/cellerruderverein.de\/?attachment_id=503\" data-orig-file=\"https:\/\/i0.wp.com\/cellerruderverein.de\/wp-content\/uploads\/2013\/05\/20130511-100843.jpg?fit=765%2C1024&amp;ssl=1\" data-orig-size=\"765,1024\" data-comments-opened=\"0\" data-image-meta=\"{&quot;aperture&quot;:&quot;0&quot;,&quot;credit&quot;:&quot;&quot;,&quot;camera&quot;:&quot;&quot;,&quot;caption&quot;:&quot;&quot;,&quot;created_timestamp&quot;:&quot;0&quot;,&quot;copyright&quot;:&quot;&quot;,&quot;focal_length&quot;:&quot;0&quot;,&quot;iso&quot;:&quot;0&quot;,&quot;shutter_speed&quot;:&quot;0&quot;,&quot;title&quot;:&quot;&quot;}\" data-image-title=\"20130511-100843.jpg\" data-image-description=\"\" data-image-caption=\"\" data-large-file=\"https:\/\/i0.wp.com\/cellerruderverein.de\/wp-content\/uploads\/2013\/05\/20130511-100843.jpg?fit=765%2C1024&amp;ssl=1\" class=\"alignleft size-thumbnail wp-image-503\" title=\"20130511-100843.jpg\" src=\"https:\/\/i0.wp.com\/cellerruderverein.de\/wp-content\/uploads\/2013\/05\/20130511-100843.jpg?resize=150%2C100&#038;ssl=1\" alt=\"\" width=\"150\" height=\"100\" srcset=\"https:\/\/i0.wp.com\/cellerruderverein.de\/wp-content\/uploads\/2013\/05\/20130511-100843.jpg?resize=150%2C100&amp;ssl=1 150w, https:\/\/i0.wp.com\/cellerruderverein.de\/wp-content\/uploads\/2013\/05\/20130511-100843.jpg?zoom=2&amp;resize=150%2C100&amp;ssl=1 300w, https:\/\/i0.wp.com\/cellerruderverein.de\/wp-content\/uploads\/2013\/05\/20130511-100843.jpg?zoom=3&amp;resize=150%2C100&amp;ssl=1 450w\" sizes=\"auto, (max-width: 150px) 100vw, 150px\" \/><\/a><\/p>\n<p>Update 21:30 Uhr<\/p>\n<p>Bei str\u00f6mendem Regen und starken Wellen konnte Ann-Cathrin Leineweber heute einen guten vierten Platz hinter Booten aus Deutschland, der Schweiz und Polen belegen.<\/p>\n<p>Bei \u00e4hnlich schwierigen Bedingungen gelang es Peter Kluge\/Robin Ponte nicht an die gute Leistung aus dem Vorlauf anzukn\u00fcpfen. Daher reichte es am Ende leider nur zum 8. Platz.<\/p>\n<p>Patrick Leineweber und Ruben Steinhardt kamen im Finale nicht \u00fcber den vierten Platz hinaus und verpassten vorerst die Chance, sich im M\u00e4nner-Doppelzweier B f\u00fcr diese Bootsklasse zu empfehlen.<\/p>\n<p>Update 13:00 Uhr<\/p>\n<p>Peter Kluge\/Robin Ponte qualifizieren sich mit einem 2. Platz im Vorlauf f\u00fcr das Finale im M\u00e4nner-Zweier o. Stm. heute Nachmittag.<\/p>\n<p>Patrick Leineweber\/Ruben Steinhardt gewinnen ihren Vorlauf im M\u00e4nner-Doppelzweier B und stehen ebenfalls im Finale.<\/p>\n<p><!--more--><\/p>\n<p>Heute beginnt auf dem Baldeneysee die Internationale H\u00fcgel-Regatta, an der auch die Leistungssportler des Celler RV teilnehmen werden.<\/p>\n<p>Eine erste kleine \u00dcberraschung am Morgen erlebte bereits Ann-Cathrin Leineweber, als sie nach dem Einrudern feststellen musste, dass ihr Vorlauf im Leichtgewichts-Frauen-Einer B (19-22 Jahre) ausf\u00e4llt. Damit startet sie direkt im Finale um 13:56 Uhr.<\/p>\n<p>Peter Kluge wird, wie schon in Duisburg, zusammen mit Robin Ponte (H\u00fcrther RG) im M\u00e4nner-Zweier o. Stm. A an den Start gehen.<\/p>\n<p>Patrick Leineweber und Ruben Steinhardt (Hamburg) treten im M\u00e4nner-Doppelzweier B an.<\/p>\n","protected":false},"excerpt":{"rendered":"<p>Update 21:30 Uhr Bei str\u00f6mendem Regen und starken Wellen konnte Ann-Cathrin Leineweber heute einen guten vierten Platz hinter Booten aus Deutschland, der Schweiz und Polen belegen. Bei \u00e4hnlich schwierigen Bedingungen gelang es Peter Kluge\/Robin Ponte nicht an die gute Leistung aus dem Vorlauf anzukn\u00fcpfen. Daher reichte es am Ende leider nur zum 8. Platz. Patrick Leineweber und Ruben Steinhardt kamen im Finale nicht \u00fcber den vierten Platz hinaus und verpassten vorerst die Chance, sich im \u2026 <a class=\"continue-reading-link\" href=\"https:\/\/cellerruderverein.de\/?p=506\"> Weiterlesen <span class=\"meta-nav\">&rarr; <\/span><\/a><\/p>\n","protected":false},"author":1,"featured_media":0,"comment_status":"closed","ping_status":"closed","sticky":false,"template":"","format":"standard","meta":{"jetpack_post_was_ever_published":false,"_jetpack_newsletter_access":"","_jetpack_dont_email_post_to_subs":false,"_jetpack_newsletter_tier_id":0,"_jetpack_memberships_contains_paywalled_content":false,"_jetpack_memberships_contains_paid_content":false,"footnotes":"","jetpack_publicize_message":"","jetpack_publicize_feature_enabled":true,"jetpack_social_post_already_shared":true,"jetpack_social_options":{"image_generator_settings":{"template":"highway","default_image_id":0,"font":"","enabled":false},"version":2}},"categories":[4,3,18],"tags":[],"class_list":["post-506","post","type-post","status-publish","format-standard","hentry","category-leistungssport","category-nachrichten","category-start"],"jetpack_publicize_connections":[],"jetpack_featured_media_url":"","jetpack-related-posts":[{"id":464,"url":"https:\/\/cellerruderverein.de\/?p=464","url_meta":{"origin":506,"position":0},"title":"Deutsche Kleinbootmeisterschaften in Duisburg","author":"Admin","date":"19. April 2013","format":false,"excerpt":"21.04.2013 Peter Kluge und Robin Ponte gewinnen mit einem spannenden Endspurt das C-Finale im M\u00e4nner-Zweier o. Stm. Emil Wendeler und Christian Holzapfel belegen den 2. Platz im C-Finale des Leichtgewichts-M\u00e4nner-Zweiers o. Stm. Patrick Leineweber wird Sechster im B-Finale des M\u00e4nner-Einers, kann dabei aber den Abstand auf die vor ihm platzierten\u2026","rel":"","context":"In &quot;Leistungssport&quot;","block_context":{"text":"Leistungssport","link":"https:\/\/cellerruderverein.de\/?cat=4"},"img":{"alt_text":"","src":"https:\/\/i0.wp.com\/cellerruderverein.de\/wp-content\/uploads\/2013\/04\/image-150x100.jpg?resize=350%2C200","width":350,"height":200},"classes":[]},{"id":1200,"url":"https:\/\/cellerruderverein.de\/?p=1200","url_meta":{"origin":506,"position":1},"title":"Guter WM-Start f\u00fcr Peter Kluge und Patrick Leineweber","author":"Admin","date":"30. August 2015","format":false,"excerpt":"Peter Kluge startet mit Partner Alexander Egler gut in die WM, ein 3. Platz im Vorlauf reicht ihnen f\u00fcr den direkte Einzug ins Viertelfinale. Am Mittwoch geht es f\u00fcr Peter wieder darum unter die besten drei zu fahren und sich einen Platz im Halbfinale zu sichern. Die Daumen sind gedr\u00fcckt!\u2026","rel":"","context":"In &quot;Leistungssport&quot;","block_context":{"text":"Leistungssport","link":"https:\/\/cellerruderverein.de\/?cat=4"},"img":{"alt_text":"Aiguebelette_Worlds_FINAL_web","src":"https:\/\/i0.wp.com\/cellerruderverein.de\/wp-content\/uploads\/2015\/08\/Aiguebelette_Worlds_FINAL_web.jpg?resize=350%2C200","width":350,"height":200},"classes":[]},{"id":1130,"url":"https:\/\/cellerruderverein.de\/?p=1130","url_meta":{"origin":506,"position":2},"title":"Platz drei und sechs beim World Cup in Bled","author":"Admin","date":"10. Mai 2015","format":false,"excerpt":"Mit einem dritten Platz im M\u00e4nner-Achter und dem sechsten Platz im M\u00e4nner-Doppelzweier treten Peter Kluge und Patrick Leineweber die Heimreise vom 1. World Rowing Cup in Bled an. Peter Kluge belegte mit dem zweiten deutschen Achter in einem packenden Rennen den dritten Platz hinter dem Sieger Deutschland 1 und Polen,\u2026","rel":"","context":"In &quot;Leistungssport&quot;","block_context":{"text":"Leistungssport","link":"https:\/\/cellerruderverein.de\/?cat=4"},"img":{"alt_text":"Patrick Leineweber, Lars Hartig Foto: Deutscher Ruderverband\/Seyb, www.rudern.de","src":"https:\/\/i0.wp.com\/cellerruderverein.de\/wp-content\/uploads\/2015\/05\/samstag-3755-150x100.jpg?resize=350%2C200","width":350,"height":200},"classes":[]},{"id":120,"url":"https:\/\/cellerruderverein.de\/?p=120","url_meta":{"origin":506,"position":3},"title":"Gold und Silber in Hamburg","author":"Admin","date":"29. September 2012","format":false,"excerpt":"Am ersten Wettkampftag der Norddeutschen Meisterschaften in Hamburg konnten unsere Aktiven gleich zwei Medaillen f\u00fcr den CRV erk\u00e4mpfen. Patrick Leineweber siegte im M\u00e4nner-Einer, seine Schwester Ann-Cathrin belegte im Finale des Juniorinnen-Einers den zweiten Platz und sicherte sich somit die Silbermedaille. Am Sonntag konnten Patrick Leineweber und Peter Kluge mit einem\u2026","rel":"","context":"In &quot;Leistungssport&quot;","block_context":{"text":"Leistungssport","link":"https:\/\/cellerruderverein.de\/?cat=4"},"img":{"alt_text":"","src":"","width":0,"height":0},"classes":[]},{"id":181,"url":"https:\/\/cellerruderverein.de\/?p=181","url_meta":{"origin":506,"position":4},"title":"Licht und Schatten in Dortmund","author":"Admin","date":"2. Dezember 2012","format":false,"excerpt":"Unsere Leistungstr\u00e4ger Peter Kluge und Patrick Leineweber konnten gestern auch in Dortmund \u00fcberzeugen. In Abwesenheit der meisten Olympiastarter konnte Peter Kluge zusammen mit Milan Dzambasevic (DRC Hannover) einen guten f\u00fcnften Platz im M\u00e4nner-Zweier o. Stm. erk\u00e4mpfen. Auch Patrick Leineweber \u00fcberzeugte mit dem sechsten Platz im M\u00e4nner-Einer, in dem die meisten\u2026","rel":"","context":"In &quot;Leistungssport&quot;","block_context":{"text":"Leistungssport","link":"https:\/\/cellerruderverein.de\/?cat=4"},"img":{"alt_text":"","src":"","width":0,"height":0},"classes":[]},{"id":1410,"url":"https:\/\/cellerruderverein.de\/?p=1410","url_meta":{"origin":506,"position":5},"title":"Titel erfolgreich verteidigt! Patrick Leineweber ist Studenten-Europameister","author":"Admin","date":"14. Juli 2016","format":false,"excerpt":"Bei den Studenten-Europameisterschaften in Zagreb ist Patrick Leineweber die Titelverteidigung im M\u00e4nner-Einer gelungen. Mit souver\u00e4nen Siegen im Vorlauf und Halbfinale hatte er sich f\u00fcr den Endlauf qualifiziert. Im Finale setzte er sich in einem hochklassigen Rennen mit einem Start-Ziel-Sieg gegen die Konkurrenz durch und darf sich nun zum zweiten Mal\u2026","rel":"","context":"In &quot;Leistungssport&quot;","block_context":{"text":"Leistungssport","link":"https:\/\/cellerruderverein.de\/?cat=4"},"img":{"alt_text":"WhatsApp-Image-20160714","src":"https:\/\/i0.wp.com\/cellerruderverein.de\/wp-content\/uploads\/2016\/07\/WhatsApp-Image-20160714-150x100.jpeg?resize=350%2C200","width":350,"height":200},"classes":[]}],"jetpack_sharing_enabled":true,"jetpack_shortlink":"https:\/\/wp.me\/p3cUVs-8a","jetpack_likes_enabled":false,"_links":{"self":[{"href":"https:\/\/cellerruderverein.de\/index.php?rest_route=\/wp\/v2\/posts\/506","targetHints":{"allow":["GET"]}}],"collection":[{"href":"https:\/\/cellerruderverein.de\/index.php?rest_route=\/wp\/v2\/posts"}],"about":[{"href":"https:\/\/cellerruderverein.de\/index.php?rest_route=\/wp\/v2\/types\/post"}],"author":[{"embeddable":true,"href":"https:\/\/cellerruderverein.de\/index.php?rest_route=\/wp\/v2\/users\/1"}],"replies":[{"embeddable":true,"href":"https:\/\/cellerruderverein.de\/index.php?rest_route=%2Fwp%2Fv2%2Fcomments&post=506"}],"version-history":[{"count":11,"href":"https:\/\/cellerruderverein.de\/index.php?rest_route=\/wp\/v2\/posts\/506\/revisions"}],"predecessor-version":[{"id":518,"href":"https:\/\/cellerruderverein.de\/index.php?rest_route=\/wp\/v2\/posts\/506\/revisions\/518"}],"wp:attachment":[{"href":"https:\/\/cellerruderverein.de\/index.php?rest_route=%2Fwp%2Fv2%2Fmedia&parent=506"}],"wp:term":[{"taxonomy":"category","embeddable":true,"href":"https:\/\/cellerruderverein.de\/index.php?rest_route=%2Fwp%2Fv2%2Fcategories&post=506"},{"taxonomy":"post_tag","embeddable":true,"href":"https:\/\/cellerruderverein.de\/index.php?rest_route=%2Fwp%2Fv2%2Ftags&post=506"}],"curies":[{"name":"wp","href":"https:\/\/api.w.org\/{rel}","templated":true}]}}