{"id":522,"date":"2013-05-23T21:15:37","date_gmt":"2013-05-23T19:15:37","guid":{"rendered":"http:\/\/cellerruderverein.de\/?p=522"},"modified":"2013-05-23T21:15:37","modified_gmt":"2013-05-23T19:15:37","slug":"tag-der-offenen-tur-und-basar-am-25-05-2013","status":"publish","type":"post","link":"https:\/\/cellerruderverein.de\/?p=522","title":{"rendered":"Tag der Offenen T\u00fcr und Basar am 25.05.2013"},"content":{"rendered":"<p><a href=\"https:\/\/i0.wp.com\/cellerruderverein.de\/wp-content\/uploads\/2013\/05\/20130523-211257.jpg?ssl=1\"><img data-recalc-dims=\"1\" decoding=\"async\" src=\"https:\/\/i0.wp.com\/cellerruderverein.de\/wp-content\/uploads\/2013\/05\/20130523-211257.jpg?w=800&#038;ssl=1\" alt=\"20130523-211257.jpg\" class=\"alignnone size-full\" \/><\/a><\/p>\n","protected":false},"excerpt":{"rendered":"","protected":false},"author":1,"featured_media":0,"comment_status":"closed","ping_status":"closed","sticky":false,"template":"","format":"standard","meta":{"jetpack_post_was_ever_published":false,"_jetpack_newsletter_access":"","_jetpack_dont_email_post_to_subs":false,"_jetpack_newsletter_tier_id":0,"_jetpack_memberships_contains_paywalled_content":false,"_jetpack_memberships_contains_paid_content":false,"footnotes":"","jetpack_publicize_message":"","jetpack_publicize_feature_enabled":true,"jetpack_social_post_already_shared":true,"jetpack_social_options":{"image_generator_settings":{"template":"highway","default_image_id":0,"font":"","enabled":false},"version":2}},"categories":[5,3,18],"tags":[],"class_list":["post-522","post","type-post","status-publish","format-standard","hentry","category-allgemein","category-nachrichten","category-start"],"jetpack_publicize_connections":[],"jetpack_featured_media_url":"","jetpack-related-posts":[{"id":864,"url":"https:\/\/cellerruderverein.de\/?p=864","url_meta":{"origin":522,"position":0},"title":"50 Jahre Bootshaus auf der Ziegeninsel","author":"Admin","date":"30. Oktober 2013","format":false,"excerpt":"Einladung 50 Jahre Bootshaus auf der Ziegeninsel Am 16. November 2013 um 11:30 Uhr. Am 16 November 1963 wurde das Bootshaus eingeweiht. Da der 16. November in diesem Jahr wieder ein Samstag ist, wollen wir diesen damals so erfreulichen Tag zum Anlass nehmen und mit unseren Vereinsmitgliedern und Freunden \u201e50\u2026","rel":"","context":"In &quot;Allgemein&quot;","block_context":{"text":"Allgemein","link":"https:\/\/cellerruderverein.de\/?cat=5"},"img":{"alt_text":"","src":"","width":0,"height":0},"classes":[]},{"id":3813,"url":"https:\/\/cellerruderverein.de\/?p=3813","url_meta":{"origin":522,"position":1},"title":"Jugendaktionstag am Celler Ruderverein e. V.","author":"Schlumpfine","date":"26. Oktober 2022","format":false,"excerpt":"Am 19. November 2022 von 10 bis 15 Uhr veranstaltet der Celler Ruderverein einen Jugendaktionstag. F\u00fcr wen? Alle Kinder und Jugendlichen ab 10 bis 18 Jahre sind willkommen. Was ist geplant? Kennenlernen des Rudersports, Ergometer Spiele, erste Erfahrungen im Ruderboot auf dem Wasser. Vermittelt durch unsere \u00dcbungsleiter und auch schon\u2026","rel":"","context":"In &quot;Allgemein&quot;","block_context":{"text":"Allgemein","link":"https:\/\/cellerruderverein.de\/?cat=5"},"img":{"alt_text":"","src":"","width":0,"height":0},"classes":[]},{"id":701,"url":"https:\/\/cellerruderverein.de\/?p=701","url_meta":{"origin":522,"position":2},"title":"Familienwanderfahrt","author":"Admin","date":"7. August 2013","format":false,"excerpt":"Es geht wieder los-alle ins Boot! Am 07.09.2013 geht die ganze Familie \"baden\"-nat\u00fcrlich nicht! An diesem Samstag soll unsere Familienwanderfahrt \u00fcber die Aller laufen. Start ist um 8.30 Uhr p\u00fcnktlich von der Ziegeninsel mit den Bootstransportern. Es wird gegrillt und vor allem gemeinsam gerudert! Der Sport ist nicht der Mittelpunkt\u2026","rel":"","context":"In &quot;Allgemein&quot;","block_context":{"text":"Allgemein","link":"https:\/\/cellerruderverein.de\/?cat=5"},"img":{"alt_text":"","src":"","width":0,"height":0},"classes":[]},{"id":699,"url":"https:\/\/cellerruderverein.de\/?p=699","url_meta":{"origin":522,"position":3},"title":"CRV-Sommerfest","author":"Admin","date":"7. August 2013","format":false,"excerpt":"Das Sommerfest des CRV Am Sonntag, 11.08.2013, beginnt ab 11.30 Uhr auf der Ziegeninsel das diesj\u00e4hrige Sommerfest! Eine Feier f\u00fcr alt und jung, f\u00fcr klein und gro\u00df! Neben Leckerreien, k\u00fchlen Getr\u00e4nken, vertrautem Kl\u00f6nen und nat\u00fcrlich guter Stimmung unter Ruderfreunden steht die \u00dcberreichung der Fahrtenabzeichen an. Sei dabei und melde Dich\u2026","rel":"","context":"In &quot;Allgemein&quot;","block_context":{"text":"Allgemein","link":"https:\/\/cellerruderverein.de\/?cat=5"},"img":{"alt_text":"","src":"","width":0,"height":0},"classes":[]},{"id":2407,"url":"https:\/\/cellerruderverein.de\/?p=2407","url_meta":{"origin":522,"position":4},"title":"Steig mit ein, sei dabei!","author":"Admin","date":"1. April 2018","format":false,"excerpt":"Am Samstag, 28.04., wollen wir auf der Aller eine Wanderfahrt f\u00fcr Gro\u00df und Klein, Alt und Jung, Anf\u00e4nger und Erfahrene, sprich f\u00fcr jeden anbieten, der schon etwas rudern kann! Ziel ist nicht das \u201eSchrubben\u201c von Kilometern, sondern vielmehr das entspannte gemeinsame Rudererlebnis auf der Aller zum Beginn der Rudersaison. Wetterfeste\u2026","rel":"","context":"In &quot;Allgemein&quot;","block_context":{"text":"Allgemein","link":"https:\/\/cellerruderverein.de\/?cat=5"},"img":{"alt_text":"","src":"https:\/\/i0.wp.com\/cellerruderverein.de\/wp-content\/uploads\/2013\/07\/Rudern_Fp_130709_008-300x200.jpg?resize=350%2C200","width":350,"height":200},"classes":[]},{"id":2942,"url":"https:\/\/cellerruderverein.de\/?p=2942","url_meta":{"origin":522,"position":5},"title":"Ruder-Winterball 2019","author":"Admin","date":"5. Februar 2019","format":false,"excerpt":"Am vergangenen Samstag feierten rund 260 Mitglieder und G\u00e4ste des Celler Rudervereins den Winterball in der Congress Union Celle. Die Band \"Deep Passion\" heizte den Ballg\u00e4sten m\u00e4chtig ein und sorgte bis zum Ende f\u00fcr eine volle Tanzfl\u00e4che. Foto: H. R\u00f6bbecke Mit zwei Auftritten von \"Lady Sunshine And The Candy Kisses\"\u2026","rel":"","context":"In &quot;Allgemein&quot;","block_context":{"text":"Allgemein","link":"https:\/\/cellerruderverein.de\/?cat=5"},"img":{"alt_text":"","src":"https:\/\/i0.wp.com\/cellerruderverein.de\/wp-content\/uploads\/2019\/02\/DSC_0139-1.jpg?resize=350%2C200&ssl=1","width":350,"height":200,"srcset":"https:\/\/i0.wp.com\/cellerruderverein.de\/wp-content\/uploads\/2019\/02\/DSC_0139-1.jpg?resize=350%2C200&ssl=1 1x, https:\/\/i0.wp.com\/cellerruderverein.de\/wp-content\/uploads\/2019\/02\/DSC_0139-1.jpg?resize=525%2C300&ssl=1 1.5x, https:\/\/i0.wp.com\/cellerruderverein.de\/wp-content\/uploads\/2019\/02\/DSC_0139-1.jpg?resize=700%2C400&ssl=1 2x, https:\/\/i0.wp.com\/cellerruderverein.de\/wp-content\/uploads\/2019\/02\/DSC_0139-1.jpg?resize=1050%2C600&ssl=1 3x, https:\/\/i0.wp.com\/cellerruderverein.de\/wp-content\/uploads\/2019\/02\/DSC_0139-1.jpg?resize=1400%2C800&ssl=1 4x"},"classes":[]}],"jetpack_sharing_enabled":true,"jetpack_shortlink":"https:\/\/wp.me\/p3cUVs-8q","jetpack_likes_enabled":false,"_links":{"self":[{"href":"https:\/\/cellerruderverein.de\/index.php?rest_route=\/wp\/v2\/posts\/522","targetHints":{"allow":["GET"]}}],"collection":[{"href":"https:\/\/cellerruderverein.de\/index.php?rest_route=\/wp\/v2\/posts"}],"about":[{"href":"https:\/\/cellerruderverein.de\/index.php?rest_route=\/wp\/v2\/types\/post"}],"author":[{"embeddable":true,"href":"https:\/\/cellerruderverein.de\/index.php?rest_route=\/wp\/v2\/users\/1"}],"replies":[{"embeddable":true,"href":"https:\/\/cellerruderverein.de\/index.php?rest_route=%2Fwp%2Fv2%2Fcomments&post=522"}],"version-history":[{"count":2,"href":"https:\/\/cellerruderverein.de\/index.php?rest_route=\/wp\/v2\/posts\/522\/revisions"}],"predecessor-version":[{"id":529,"href":"https:\/\/cellerruderverein.de\/index.php?rest_route=\/wp\/v2\/posts\/522\/revisions\/529"}],"wp:attachment":[{"href":"https:\/\/cellerruderverein.de\/index.php?rest_route=%2Fwp%2Fv2%2Fmedia&parent=522"}],"wp:term":[{"taxonomy":"category","embeddable":true,"href":"https:\/\/cellerruderverein.de\/index.php?rest_route=%2Fwp%2Fv2%2Fcategories&post=522"},{"taxonomy":"post_tag","embeddable":true,"href":"https:\/\/cellerruderverein.de\/index.php?rest_route=%2Fwp%2Fv2%2Ftags&post=522"}],"curies":[{"name":"wp","href":"https:\/\/api.w.org\/{rel}","templated":true}]}}