{"id":602,"date":"2013-07-13T15:26:48","date_gmt":"2013-07-13T13:26:48","guid":{"rendered":"http:\/\/cellerruderverein.de\/?p=602"},"modified":"2013-07-13T15:33:05","modified_gmt":"2013-07-13T13:33:05","slug":"ferienpassaktion-rudern-2013-im-celler-rv","status":"publish","type":"post","link":"https:\/\/cellerruderverein.de\/?p=602","title":{"rendered":"Ferienpassaktion Rudern 2013 im Celler RV"},"content":{"rendered":"<p><a title=\"Ferienpass 2013\" href=\"https:\/\/i0.wp.com\/cellerruderverein.de\/wp-content\/uploads\/2013\/07\/Rudern_Fp_130709_008.jpg?ssl=1\" rel=\"lightbox\"><img data-recalc-dims=\"1\" loading=\"lazy\" decoding=\"async\" style=\"border-bottom: 0px; border-left: 0px; margin: 0px 5px 5px 0px; display: inline; border-top: 0px; border-right: 0px\" title=\"Rudern_Fp_13-07-09_008\" border=\"0\" alt=\"Rudern_Fp_13-07-09_008\" align=\"left\" src=\"https:\/\/i0.wp.com\/cellerruderverein.de\/wp-content\/uploads\/2013\/07\/Rudern_Fp_130709_0081.jpg?resize=104%2C71&#038;ssl=1\" width=\"104\" height=\"71\"><\/a> Von Montag bis Mittwoch haben rund 20 Kinder im Rahmen der Ferienpassaktion der Stadt Celle einen dreit\u00e4gigen Ruderkurs im Celler RV absolviert. Einige Kinder trauten sich zum Ende der Ausbildung sogar ins wackelige Skiff. <\/p>\n<p>Geleitet wurde der Kurs von unseren Kinder- und Jugendtrainern Birgit Scheer-Leineweber, Sonja Rumpf sowie dem FSJ-ler Karol Blazy, diese wurden dabei tatkr\u00e4ftig von der Jugendabteilung des Vereins unterst\u00fctzt. Als Dankesch\u00f6n wurden die Jugendlichen anschlie\u00dfend von den Trainern zum&nbsp; Essen eingeladen.<\/p>\n<p><a href=\"https:\/\/plus.google.com\/photos\/115067265961244702072\/albums\/5899433604183270209?authkey=CM7TipCth4nE7gE\" target=\"_blank\">Hier geht\u00b4s zu den Bildern der Veranstaltung (Fotos: S. Rumpf)<\/a><\/p>\n","protected":false},"excerpt":{"rendered":"<p>Von Montag bis Mittwoch haben rund 20 Kinder im Rahmen der Ferienpassaktion der Stadt Celle einen dreit\u00e4gigen Ruderkurs im Celler RV absolviert. Einige Kinder trauten sich zum Ende der Ausbildung sogar ins wackelige Skiff. Geleitet wurde der Kurs von unseren Kinder- und Jugendtrainern Birgit Scheer-Leineweber, Sonja Rumpf sowie dem FSJ-ler Karol Blazy, diese wurden dabei tatkr\u00e4ftig von der Jugendabteilung des Vereins unterst\u00fctzt. Als Dankesch\u00f6n wurden die Jugendlichen anschlie\u00dfend von den Trainern zum&nbsp; Essen eingeladen. Hier \u2026 <a class=\"continue-reading-link\" href=\"https:\/\/cellerruderverein.de\/?p=602\"> Weiterlesen <span class=\"meta-nav\">&rarr; <\/span><\/a><\/p>\n","protected":false},"author":1,"featured_media":0,"comment_status":"closed","ping_status":"closed","sticky":false,"template":"","format":"standard","meta":{"jetpack_post_was_ever_published":false,"_jetpack_newsletter_access":"","_jetpack_dont_email_post_to_subs":false,"_jetpack_newsletter_tier_id":0,"_jetpack_memberships_contains_paywalled_content":false,"_jetpack_memberships_contains_paid_content":false,"footnotes":"","jetpack_publicize_message":"","jetpack_publicize_feature_enabled":true,"jetpack_social_post_already_shared":true,"jetpack_social_options":{"image_generator_settings":{"template":"highway","default_image_id":0,"font":"","enabled":false},"version":2}},"categories":[5,3,18],"tags":[],"class_list":["post-602","post","type-post","status-publish","format-standard","hentry","category-allgemein","category-nachrichten","category-start"],"jetpack_publicize_connections":[],"jetpack_featured_media_url":"","jetpack-related-posts":[{"id":1521,"url":"https:\/\/cellerruderverein.de\/?p=1521","url_meta":{"origin":602,"position":0},"title":"Geschichte","author":"Admin","date":"23. Februar 2017","format":false,"excerpt":"Geschichte\u00a0des Celler Rudervereins e.V. Bildergalerie 1957 -2017 von Volker Wieneke Am 28. Mai 1957 wurde der Celler Ruderverein e.V. gegr\u00fcndet. Die Gr\u00fcndungsmitglieder waren Hans Stroehmer, Hansj\u00f6rg Bopp, Volker Strasser, Peter Trautvetter, Dr. Sch\u00e4licke, Rolf Spies und Detlef Sagebiel. Erster Vorsitzender war Detlef Sagebiel, Hansj\u00f6rg Bopp und Volker Strasser seine Stellvertreter.\u2026","rel":"","context":"In &quot;Allgemein&quot;","block_context":{"text":"Allgemein","link":"https:\/\/cellerruderverein.de\/?cat=5"},"img":{"alt_text":"","src":"https:\/\/i0.wp.com\/cellerruderverein.de\/wp-content\/uploads\/2012\/08\/cropped-CRV-Bild1-300x208.jpg?resize=350%2C200","width":350,"height":200},"classes":[]},{"id":116,"url":"https:\/\/cellerruderverein.de\/?p=116","url_meta":{"origin":602,"position":1},"title":"Regattainformationen","author":"Admin","date":"7. September 2012","format":false,"excerpt":"Liebe Ruderkameradinnen und Ruderkameraden! Am Sonnabend, 6. Oktober 2012, findet die 55. Celler Ruderregatta statt. Celler Ruderverein, RR Hermann Billung und RC Ernestinum-H\u00f6lty laden Sie\/Euch herzlich ein, dabei zu sein. In der Anlage finden Sie die Ausschreibung, die wieder f\u00fcr alle Alters- und Leistungsklassen etwas zu bieten hat. Einen H\u00f6hepunkt\u2026","rel":"","context":"In &quot;Celler Regatta&quot;","block_context":{"text":"Celler Regatta","link":"https:\/\/cellerruderverein.de\/?cat=6"},"img":{"alt_text":"","src":"","width":0,"height":0},"classes":[]},{"id":3813,"url":"https:\/\/cellerruderverein.de\/?p=3813","url_meta":{"origin":602,"position":2},"title":"Jugendaktionstag am Celler Ruderverein e. V.","author":"Schlumpfine","date":"26. Oktober 2022","format":false,"excerpt":"Am 19. November 2022 von 10 bis 15 Uhr veranstaltet der Celler Ruderverein einen Jugendaktionstag. F\u00fcr wen? Alle Kinder und Jugendlichen ab 10 bis 18 Jahre sind willkommen. Was ist geplant? Kennenlernen des Rudersports, Ergometer Spiele, erste Erfahrungen im Ruderboot auf dem Wasser. Vermittelt durch unsere \u00dcbungsleiter und auch schon\u2026","rel":"","context":"In &quot;Allgemein&quot;","block_context":{"text":"Allgemein","link":"https:\/\/cellerruderverein.de\/?cat=5"},"img":{"alt_text":"","src":"","width":0,"height":0},"classes":[]},{"id":970,"url":"https:\/\/cellerruderverein.de\/?p=970","url_meta":{"origin":602,"position":3},"title":"CRV-Nachwuchs in Wolfsburg erfolgreich","author":"Admin","date":"15. Juli 2014","format":false,"excerpt":"Mit drei Siegen im Gep\u00e4ck traten die Juniorinnen und Junioren des CRV am Sonntag die Heimreise von den Nieders\u00e4chsischen Landesmeisterschaften und der Wolfsburger Ruderregatta auf dem Allersee an. Auf der 1000m-Strecke erk\u00e4mpften sich Mattis Spiller und Robert Leineweber den Landesmeister-Titel im Junioren-Doppelzweier B (15\/16 Jahre). Zusammen mit Lasse He\u00df (RV\u2026","rel":"","context":"In &quot;Leistungssport&quot;","block_context":{"text":"Leistungssport","link":"https:\/\/cellerruderverein.de\/?cat=4"},"img":{"alt_text":"Lasse He\u00df, Mattis Spiller","src":"https:\/\/i0.wp.com\/cellerruderverein.de\/wp-content\/uploads\/2014\/07\/image2-150x100.jpg?resize=350%2C200","width":350,"height":200},"classes":[]},{"id":4270,"url":"https:\/\/cellerruderverein.de\/?p=4270","url_meta":{"origin":602,"position":4},"title":"4. CRV Men\u00b4s Rowing Challenge 2026","author":"Admin","date":"30. Dezember 2024","format":false,"excerpt":"Teilnahmebedingungen:1. Mitmachen kann jeder (auch ohne Mitglied im Celler RV zu sein) ab Jahrgang 2013.2. Die Teilnahme erfolgt auf eigene Gefahr und gesundheitliches Risiko. Eine (sport-)medizinische Untersuchung vorab wird empfohlen.3. Gewertet werden die auf dem Concept2-Ergometer geruderten Meter \u00fcber die jeweilige Challenge-Distanz in dem daf\u00fcr angegebenen Zeitraum. Bei mehreren Versuchen\u2026","rel":"","context":"In &quot;Nachrichten&quot;","block_context":{"text":"Nachrichten","link":"https:\/\/cellerruderverein.de\/?cat=3"},"img":{"alt_text":"","src":"","width":0,"height":0},"classes":[]},{"id":281,"url":"https:\/\/cellerruderverein.de\/?p=281","url_meta":{"origin":602,"position":5},"title":"Dieter Scheerschmidt erh\u00e4lt Verdienstkreuz am Bande","author":"Admin","date":"5. Februar 2013","format":false,"excerpt":"Bundespr\u00e4sident Joachim Gauck hat dem langj\u00e4hrigen Vorsitzenden des Landesruderverbandes Niedersachsen, Dieter Scheerschmidt, das Verdienstkreuz am Bande des Verdienstordens der Bundesrepublik Deutschland verliehen. Damit wird das seit mehr als f\u00fcnf Jahrzehnten w\u00e4hrende Engagement des Cellers im Rudersports gew\u00fcrdigt. Oberb\u00fcrgermeister Dirk-Ulrich Mende h\u00e4ndigte Ehrenzeichen und Urkunde im Rahmen einer Feierstunde im Alten\u2026","rel":"","context":"In &quot;Allgemein&quot;","block_context":{"text":"Allgemein","link":"https:\/\/cellerruderverein.de\/?cat=5"},"img":{"alt_text":"","src":"https:\/\/i0.wp.com\/cellerruderverein.de\/wp-content\/uploads\/2013\/02\/image.jpg?resize=350%2C200","width":350,"height":200},"classes":[]}],"jetpack_sharing_enabled":true,"jetpack_shortlink":"https:\/\/wp.me\/p3cUVs-9I","jetpack_likes_enabled":false,"_links":{"self":[{"href":"https:\/\/cellerruderverein.de\/index.php?rest_route=\/wp\/v2\/posts\/602","targetHints":{"allow":["GET"]}}],"collection":[{"href":"https:\/\/cellerruderverein.de\/index.php?rest_route=\/wp\/v2\/posts"}],"about":[{"href":"https:\/\/cellerruderverein.de\/index.php?rest_route=\/wp\/v2\/types\/post"}],"author":[{"embeddable":true,"href":"https:\/\/cellerruderverein.de\/index.php?rest_route=\/wp\/v2\/users\/1"}],"replies":[{"embeddable":true,"href":"https:\/\/cellerruderverein.de\/index.php?rest_route=%2Fwp%2Fv2%2Fcomments&post=602"}],"version-history":[{"count":2,"href":"https:\/\/cellerruderverein.de\/index.php?rest_route=\/wp\/v2\/posts\/602\/revisions"}],"predecessor-version":[{"id":605,"href":"https:\/\/cellerruderverein.de\/index.php?rest_route=\/wp\/v2\/posts\/602\/revisions\/605"}],"wp:attachment":[{"href":"https:\/\/cellerruderverein.de\/index.php?rest_route=%2Fwp%2Fv2%2Fmedia&parent=602"}],"wp:term":[{"taxonomy":"category","embeddable":true,"href":"https:\/\/cellerruderverein.de\/index.php?rest_route=%2Fwp%2Fv2%2Fcategories&post=602"},{"taxonomy":"post_tag","embeddable":true,"href":"https:\/\/cellerruderverein.de\/index.php?rest_route=%2Fwp%2Fv2%2Ftags&post=602"}],"curies":[{"name":"wp","href":"https:\/\/api.w.org\/{rel}","templated":true}]}}