{"id":621,"date":"2013-07-25T13:38:47","date_gmt":"2013-07-25T11:38:47","guid":{"rendered":"http:\/\/cellerruderverein.de\/?p=621"},"modified":"2013-07-26T12:05:46","modified_gmt":"2013-07-26T10:05:46","slug":"2-tag-der-u23-weltmeisterschaft","status":"publish","type":"post","link":"https:\/\/cellerruderverein.de\/?p=621","title":{"rendered":"2. Tag der U23 Weltmeisterschaft"},"content":{"rendered":"<p><a href=\"http:\/\/www.worldrowing.com\/events\/2013-world-rowing-under-23-championships\" target=\"_blank\"><img data-recalc-dims=\"1\" loading=\"lazy\" decoding=\"async\" style=\"border-bottom: 0px; border-left: 0px; margin: 0px 5px 5px 0px; display: inline; border-top: 0px; border-right: 0px\" title=\"2013 U23 Champ Linz-Ottensheim for web (noTM)\" border=\"0\" alt=\"2013 U23 Champ Linz-Ottensheim for web (noTM)\" align=\"left\" src=\"https:\/\/i0.wp.com\/cellerruderverein.de\/wp-content\/uploads\/2013\/07\/2013U23ChampLinzOttensheimforwebnoTM2.png?resize=154%2C63&#038;ssl=1\" width=\"154\" height=\"63\"><\/a> Am zweiten Wettkampftag schaffte Patrick Leineweber mit einem zweiten Platz im Vorlauf den direkten Einzug in das Halbfinale des M\u00e4nner-Doppelvierers am Samstag. Dabei erruderte das deutsche Team insgesamt die drittschnellste Zeit von 17 gestarteten Booten.<\/p>\n<p><a href=\"https:\/\/i0.wp.com\/cellerruderverein.de\/wp-content\/uploads\/2013\/07\/SM4x2.jpg?ssl=1\"><img data-recalc-dims=\"1\" loading=\"lazy\" decoding=\"async\" style=\"border-bottom: 0px; border-left: 0px; margin: 0px 5px 5px 0px; display: inline; border-top: 0px; border-right: 0px\" title=\"SM4x-2\" border=\"0\" alt=\"SM4x-2\" align=\"left\" src=\"https:\/\/i0.wp.com\/cellerruderverein.de\/wp-content\/uploads\/2013\/07\/SM4x2_thumb.jpg?resize=154%2C104&#038;ssl=1\" width=\"154\" height=\"104\"><\/a> 1. POL&nbsp;&nbsp; 05:46,79<br \/>2. GER&nbsp;&nbsp; 05:47,89<br \/>3. ROU&nbsp;&nbsp; 05:48,74<\/p>\n","protected":false},"excerpt":{"rendered":"<p>Am zweiten Wettkampftag schaffte Patrick Leineweber mit einem zweiten Platz im Vorlauf den direkten Einzug in das Halbfinale des M\u00e4nner-Doppelvierers am Samstag. Dabei erruderte das deutsche Team insgesamt die drittschnellste Zeit von 17 gestarteten Booten. 1. POL&nbsp;&nbsp; 05:46,792. GER&nbsp;&nbsp; 05:47,893. ROU&nbsp;&nbsp; 05:48,74<\/p>\n","protected":false},"author":1,"featured_media":0,"comment_status":"closed","ping_status":"closed","sticky":false,"template":"","format":"standard","meta":{"jetpack_post_was_ever_published":false,"_jetpack_newsletter_access":"","_jetpack_dont_email_post_to_subs":false,"_jetpack_newsletter_tier_id":0,"_jetpack_memberships_contains_paywalled_content":false,"_jetpack_memberships_contains_paid_content":false,"footnotes":"","jetpack_publicize_message":"","jetpack_publicize_feature_enabled":true,"jetpack_social_post_already_shared":true,"jetpack_social_options":{"image_generator_settings":{"template":"highway","default_image_id":0,"font":"","enabled":false},"version":2}},"categories":[4,3,18],"tags":[],"class_list":["post-621","post","type-post","status-publish","format-standard","hentry","category-leistungssport","category-nachrichten","category-start"],"jetpack_publicize_connections":[],"jetpack_featured_media_url":"","jetpack-related-posts":[{"id":2755,"url":"https:\/\/cellerruderverein.de\/?p=2755","url_meta":{"origin":621,"position":0},"title":"Gute Ergebnisse in Hildesheim","author":"Admin","date":"10. November 2018","format":false,"excerpt":"Der CRV-Nachwuchs konnte mit guten Ergebnissen beim Langstreckentest des Landesruderverbandes Niedersachsen (LRVN) in Hildesheim \u00fcberzeugen. JuniorenIm Junioren-Einer A belegte Ole Spiller in seinem ersten Jahr in der Altersklasse 17\/18 den f\u00fcnften Platz. Taake R\u00f6bbecke konnte mit einem guten zweiten Platz im Junioren-Einer B (15\/16 Jahre) punkten. Nils Schumann absolvierte seinen\u2026","rel":"","context":"In &quot;Leistungssport&quot;","block_context":{"text":"Leistungssport","link":"https:\/\/cellerruderverein.de\/?cat=4"},"img":{"alt_text":"","src":"https:\/\/i0.wp.com\/cellerruderverein.de\/wp-content\/uploads\/2018\/11\/83714958-78a8-4a51-b40f-67b1c1330cdf-2.jpg?resize=350%2C200&ssl=1","width":350,"height":200,"srcset":"https:\/\/i0.wp.com\/cellerruderverein.de\/wp-content\/uploads\/2018\/11\/83714958-78a8-4a51-b40f-67b1c1330cdf-2.jpg?resize=350%2C200&ssl=1 1x, https:\/\/i0.wp.com\/cellerruderverein.de\/wp-content\/uploads\/2018\/11\/83714958-78a8-4a51-b40f-67b1c1330cdf-2.jpg?resize=525%2C300&ssl=1 1.5x, https:\/\/i0.wp.com\/cellerruderverein.de\/wp-content\/uploads\/2018\/11\/83714958-78a8-4a51-b40f-67b1c1330cdf-2.jpg?resize=700%2C400&ssl=1 2x, https:\/\/i0.wp.com\/cellerruderverein.de\/wp-content\/uploads\/2018\/11\/83714958-78a8-4a51-b40f-67b1c1330cdf-2.jpg?resize=1050%2C600&ssl=1 3x, https:\/\/i0.wp.com\/cellerruderverein.de\/wp-content\/uploads\/2018\/11\/83714958-78a8-4a51-b40f-67b1c1330cdf-2.jpg?resize=1400%2C800&ssl=1 4x"},"classes":[]},{"id":655,"url":"https:\/\/cellerruderverein.de\/?p=655","url_meta":{"origin":621,"position":1},"title":"M\u00e4nner-Doppelvierer rudert ins Finale","author":"Admin","date":"27. Juli 2013","format":false,"excerpt":"Patrick Leineweber sicherte sich heute Vormittag mit dem zweiten Platz hinter der Schweiz den Einzug ins A-Finale des M\u00e4nner-Doppevierers um 11:49 Uhr am morgigen Sonntag. Dabei erzielte das deutsche Team insgesamt die zweitbeste Zeit, w\u00e4hrend die Vorlaufsieger Polen und Australien den Finaleinzug verpassten.","rel":"","context":"In &quot;Leistungssport&quot;","block_context":{"text":"Leistungssport","link":"https:\/\/cellerruderverein.de\/?cat=4"},"img":{"alt_text":"","src":"","width":0,"height":0},"classes":[]},{"id":1012,"url":"https:\/\/cellerruderverein.de\/?p=1012","url_meta":{"origin":621,"position":2},"title":"Erfolgreiches Wochenende in Leer!","author":"Admin","date":"17. September 2014","format":false,"excerpt":"Nach einer spontanen Meldung f\u00fcr die 75. Herbstregatta in Leer machten sich die Sportler Jan Zimmermeister, Robert Leineweber und Lennart Wolff vom Celler Ruderverein mit Trainer und Betreuerin am Samstag, den 13. September auf den Weg nach Ostfriesland. Am ersten Wettkampftag h\u00e4tte das Wetter nicht besser sein k\u00f6nnen: strahlender Sonnenschein,\u2026","rel":"","context":"In &quot;Leistungssport&quot;","block_context":{"text":"Leistungssport","link":"https:\/\/cellerruderverein.de\/?cat=4"},"img":{"alt_text":"image","src":"https:\/\/i0.wp.com\/cellerruderverein.de\/wp-content\/uploads\/2014\/09\/image-150x100.jpg?resize=350%2C200","width":350,"height":200},"classes":[]},{"id":3047,"url":"https:\/\/cellerruderverein.de\/?p=3047","url_meta":{"origin":621,"position":3},"title":"Finaleinzug perfekt!","author":"Admin","date":"8. August 2019","format":false,"excerpt":"In einem spannenden Rennen konnten sich Elisa Patzelt (L\u00fcneburger RC \"Wiking\") und Stina R\u00f6bbecke (Celler RV) mit einem Sieg vor Griechenland, Italien Litauen, Gro\u00dfbritannien und D\u00e4nemark den direkten Einzug ins A-Finale am Sonntag sichern! Nachdem sich das Duo aus Celle und L\u00fcneburg bis zur Streckenh\u00e4lfte einen leichten Vorsprung vor Italien\u2026","rel":"","context":"In &quot;Leistungssport&quot;","block_context":{"text":"Leistungssport","link":"https:\/\/cellerruderverein.de\/?cat=4"},"img":{"alt_text":"Stina R\u00f6bbecke (Foto: rudern.de)","src":"https:\/\/i0.wp.com\/cellerruderverein.de\/wp-content\/uploads\/2019\/08\/Stina-Robbecke-Foto-rudern.de_.jpg?resize=350%2C200&ssl=1","width":350,"height":200},"classes":[]},{"id":1130,"url":"https:\/\/cellerruderverein.de\/?p=1130","url_meta":{"origin":621,"position":4},"title":"Platz drei und sechs beim World Cup in Bled","author":"Admin","date":"10. Mai 2015","format":false,"excerpt":"Mit einem dritten Platz im M\u00e4nner-Achter und dem sechsten Platz im M\u00e4nner-Doppelzweier treten Peter Kluge und Patrick Leineweber die Heimreise vom 1. World Rowing Cup in Bled an. Peter Kluge belegte mit dem zweiten deutschen Achter in einem packenden Rennen den dritten Platz hinter dem Sieger Deutschland 1 und Polen,\u2026","rel":"","context":"In &quot;Leistungssport&quot;","block_context":{"text":"Leistungssport","link":"https:\/\/cellerruderverein.de\/?cat=4"},"img":{"alt_text":"Patrick Leineweber, Lars Hartig Foto: Deutscher Ruderverband\/Seyb, www.rudern.de","src":"https:\/\/i0.wp.com\/cellerruderverein.de\/wp-content\/uploads\/2015\/05\/samstag-3755-150x100.jpg?resize=350%2C200","width":350,"height":200},"classes":[]},{"id":3553,"url":"https:\/\/cellerruderverein.de\/?p=3553","url_meta":{"origin":621,"position":5},"title":"Bronzemedaille f\u00fcr Stina R\u00f6bbecke","author":"Admin","date":"11. Juli 2021","format":false,"excerpt":"In einem spannenden Rennen erk\u00e4mpfte sich Stina R\u00f6bbecke vom Celler RV mit dem deutschen Frauen-Achter die Bronzemedaille bei den U23-Weltmeisterschaften im tschechischen Racice.Das deutsche Team startete mutig und konnte auf der ersten Streckenh\u00e4lfte mit den favorisierten US-Ruderinnen mithalten. Diese zeigten auf der zweiten H\u00e4lfte der 2000m-Strecke aber ihre ganze Klasse\u2026","rel":"","context":"In &quot;Leistungssport&quot;","block_context":{"text":"Leistungssport","link":"https:\/\/cellerruderverein.de\/?cat=4"},"img":{"alt_text":"","src":"https:\/\/i0.wp.com\/cellerruderverein.de\/wp-content\/uploads\/2021\/07\/meinruderbild_DSC_6108_Original-redaktion.-Nutzung-_c003ad88_-300x185.jpg?resize=350%2C200","width":350,"height":200},"classes":[]}],"jetpack_sharing_enabled":true,"jetpack_shortlink":"https:\/\/wp.me\/p3cUVs-a1","jetpack_likes_enabled":false,"_links":{"self":[{"href":"https:\/\/cellerruderverein.de\/index.php?rest_route=\/wp\/v2\/posts\/621","targetHints":{"allow":["GET"]}}],"collection":[{"href":"https:\/\/cellerruderverein.de\/index.php?rest_route=\/wp\/v2\/posts"}],"about":[{"href":"https:\/\/cellerruderverein.de\/index.php?rest_route=\/wp\/v2\/types\/post"}],"author":[{"embeddable":true,"href":"https:\/\/cellerruderverein.de\/index.php?rest_route=\/wp\/v2\/users\/1"}],"replies":[{"embeddable":true,"href":"https:\/\/cellerruderverein.de\/index.php?rest_route=%2Fwp%2Fv2%2Fcomments&post=621"}],"version-history":[{"count":3,"href":"https:\/\/cellerruderverein.de\/index.php?rest_route=\/wp\/v2\/posts\/621\/revisions"}],"predecessor-version":[{"id":627,"href":"https:\/\/cellerruderverein.de\/index.php?rest_route=\/wp\/v2\/posts\/621\/revisions\/627"}],"wp:attachment":[{"href":"https:\/\/cellerruderverein.de\/index.php?rest_route=%2Fwp%2Fv2%2Fmedia&parent=621"}],"wp:term":[{"taxonomy":"category","embeddable":true,"href":"https:\/\/cellerruderverein.de\/index.php?rest_route=%2Fwp%2Fv2%2Fcategories&post=621"},{"taxonomy":"post_tag","embeddable":true,"href":"https:\/\/cellerruderverein.de\/index.php?rest_route=%2Fwp%2Fv2%2Ftags&post=621"}],"curies":[{"name":"wp","href":"https:\/\/api.w.org\/{rel}","templated":true}]}}